{"id":940,"date":"2016-01-23T17:11:49","date_gmt":"2016-01-23T15:11:49","guid":{"rendered":"http:\/\/schwarz-gold.de\/blog\/?p=940"},"modified":"2016-02-05T10:03:57","modified_gmt":"2016-02-05T08:03:57","slug":"helau-und-alaaf","status":"publish","type":"post","link":"https:\/\/www.schwarz-gold.de\/blog\/helau-und-alaaf\/","title":{"rendered":"helau und alaaf"},"content":{"rendered":"<p>Aschaffenburg- am 23.01.2016 st\u00fcrmten junge N\u00e4rrinnen und Narrhalesen die R\u00e4ume des Tanzsportclub Schwarz-Gold. Dies war f\u00fcr insgesamt ca. 250 G\u00e4ste, verkleidet als Ritter, Prinzessin-nen, Jedi-Ritter oder intergalaktische Sturmtruppen, Cowboy oder Indianer, Fee oder Hexe, eine tolle Gelegenheit die sch\u00f6nste Ver-kleidung anzulegen und allen anderen Kindern diese zu zeigen. F\u00fcr die jeweils f\u00fcnf sch\u00f6nsten Verkleidungen bei den jungen Damen und Herren gab es dann auch prompt aus der Hand von Verena einen sch\u00f6nen Preis. Bei bester Musik, leckeren 16 Kuchen und nat\u00fcrlich viel guter Laune und Spa\u00df wurde am Samstag ab 14:11 Uhr wild gefeiert und nat\u00fcrlich auch getanzt. Gegen 17:11 Uhr war die Party zu Ende. Wie die Jahre zuvor war das wieder ein gelungener Kinderfasching, der sicher auch in der n\u00e4chsten Saison eine Fortsetzung finden wird, alle Kinder freuen sich auf jeden Fall schon auf 2017!<br \/>\nDer Vorstand dankt wie immer besonders Verena mit Ihrem Team, aber auch all den Kindern und Begleitern f\u00fcr den Spa\u00df, die gute Laune und viel Engagement.<br \/>\nWeiter geht es f\u00fcr die J\u00fcngsten dann mit dem Kinderkleider- und Spielzeugbasar am 27. Februar; weitere Infos dazu oder dem Tanzprogramm f\u00fcr Erwachsene unter: Tanzsportclub Schwarz-Gold, Lange Str. 7 63741 Aschaffenburg, Tel. 06021-27727 oder www.schwarz-gold.de<\/p>\n","protected":false},"excerpt":{"rendered":"<p>Aschaffenburg- am 23.01.2016 st\u00fcrmten junge N\u00e4rrinnen und Narrhalesen die R\u00e4ume des Tanzsportclub Schwarz-Gold. Dies war f\u00fcr insgesamt ca. 250 G\u00e4ste, verkleidet als Ritter, Prinzessin-nen, Jedi-Ritter oder intergalaktische Sturmtruppen, Cowboy oder Indianer, Fee oder Hexe, eine tolle Gelegenheit die sch\u00f6nste Ver-kleidung anzulegen und allen anderen Kindern diese zu zeigen. F\u00fcr die jeweils f\u00fcnf sch\u00f6nsten Verkleidungen bei [&hellip;]<\/p>\n","protected":false},"author":1,"featured_media":0,"comment_status":"closed","ping_status":"open","sticky":false,"template":"","format":"standard","meta":{"_jetpack_memberships_contains_paid_content":false,"footnotes":""},"categories":[37],"tags":[],"class_list":["post-940","post","type-post","status-publish","format-standard","hentry","category-kinderfasching"],"jetpack_featured_media_url":"","jetpack_shortlink":"https:\/\/wp.me\/p8bS6P-fa","jetpack_sharing_enabled":true,"_links":{"self":[{"href":"https:\/\/www.schwarz-gold.de\/blog\/wp-json\/wp\/v2\/posts\/940","targetHints":{"allow":["GET"]}}],"collection":[{"href":"https:\/\/www.schwarz-gold.de\/blog\/wp-json\/wp\/v2\/posts"}],"about":[{"href":"https:\/\/www.schwarz-gold.de\/blog\/wp-json\/wp\/v2\/types\/post"}],"author":[{"embeddable":true,"href":"https:\/\/www.schwarz-gold.de\/blog\/wp-json\/wp\/v2\/users\/1"}],"replies":[{"embeddable":true,"href":"https:\/\/www.schwarz-gold.de\/blog\/wp-json\/wp\/v2\/comments?post=940"}],"version-history":[{"count":1,"href":"https:\/\/www.schwarz-gold.de\/blog\/wp-json\/wp\/v2\/posts\/940\/revisions"}],"predecessor-version":[{"id":941,"href":"https:\/\/www.schwarz-gold.de\/blog\/wp-json\/wp\/v2\/posts\/940\/revisions\/941"}],"wp:attachment":[{"href":"https:\/\/www.schwarz-gold.de\/blog\/wp-json\/wp\/v2\/media?parent=940"}],"wp:term":[{"taxonomy":"category","embeddable":true,"href":"https:\/\/www.schwarz-gold.de\/blog\/wp-json\/wp\/v2\/categories?post=940"},{"taxonomy":"post_tag","embeddable":true,"href":"https:\/\/www.schwarz-gold.de\/blog\/wp-json\/wp\/v2\/tags?post=940"}],"curies":[{"name":"wp","href":"https:\/\/api.w.org\/{rel}","templated":true}]}}