{"id":765,"date":"2015-05-21T18:11:08","date_gmt":"2015-05-21T16:11:08","guid":{"rendered":"http:\/\/schwarz-gold.de\/blog\/?p=765"},"modified":"2015-06-04T12:02:11","modified_gmt":"2015-06-04T10:02:11","slug":"deutsches-tanzsportabzeichen","status":"publish","type":"post","link":"https:\/\/www.schwarz-gold.de\/blog\/deutsches-tanzsportabzeichen\/","title":{"rendered":"deutsches Tanzsportabzeichen"},"content":{"rendered":"<p>Unsere Kleinsten zeigten ihr t\u00e4nzerisches K\u00f6nnen am 21.5. in den Clubr\u00e4umen von Schwarz-Gold.<br \/>\nUnter den Augen des Pr\u00fcfers Karl-Heinz Haag f\u00fchrten insgesamt 95 kinder im Alter von 3 bis 10 Jahren ihre t\u00e4nzerischen F\u00e4higkeiten vor.<br \/>\nHervorragend vorbereitet von den Trainerinnen Verena (Kindertanz), Simone (Ballett) und<br \/>\nIsabella (Linientanz) bestanden alle kinder die Pr\u00fcfung und durften als Belohnung mit leuchtenden Augen &#8222;ihr&#8220; Tanzsternchen in Empfang nehmen !<\/p>\n\n\t\t<style type=\"text\/css\">\n\t\t\t#gallery-1 {\n\t\t\t\tmargin: auto;\n\t\t\t}\n\t\t\t#gallery-1 .gallery-item {\n\t\t\t\tfloat: left;\n\t\t\t\tmargin-top: 10px;\n\t\t\t\ttext-align: center;\n\t\t\t\twidth: 50%;\n\t\t\t}\n\t\t\t#gallery-1 img {\n\t\t\t\tborder: 2px solid #cfcfcf;\n\t\t\t}\n\t\t\t#gallery-1 .gallery-caption {\n\t\t\t\tmargin-left: 0;\n\t\t\t}\n\t\t\t\/* see gallery_shortcode() in wp-includes\/media.php *\/\n\t\t<\/style>\n\t\t<div data-carousel-extra='{\"blog_id\":1,\"permalink\":\"https:\\\/\\\/www.schwarz-gold.de\\\/blog\\\/deutsches-tanzsportabzeichen\\\/\"}' id='gallery-1' class='gallery galleryid-765 gallery-columns-2 gallery-size-thumbnail'><dl class='gallery-item'>\n\t\t\t<dt class='gallery-icon landscape'>\n\t\t\t\t<a href='https:\/\/www.schwarz-gold.de\/blog\/deutsches-tanzsportabzeichen\/cam00158\/'><img loading=\"lazy\" decoding=\"async\" width=\"150\" height=\"113\" src=\"https:\/\/www.schwarz-gold.de\/blog\/wp-content\/uploads\/2015\/06\/CAM00158-150x113.jpg\" class=\"attachment-thumbnail size-thumbnail\" alt=\"\" srcset=\"https:\/\/www.schwarz-gold.de\/blog\/wp-content\/uploads\/2015\/06\/CAM00158-150x113.jpg 150w, https:\/\/www.schwarz-gold.de\/blog\/wp-content\/uploads\/2015\/06\/CAM00158-300x225.jpg 300w, https:\/\/www.schwarz-gold.de\/blog\/wp-content\/uploads\/2015\/06\/CAM00158-1024x768.jpg 1024w, https:\/\/www.schwarz-gold.de\/blog\/wp-content\/uploads\/2015\/06\/CAM00158-705x529.jpg 705w, https:\/\/www.schwarz-gold.de\/blog\/wp-content\/uploads\/2015\/06\/CAM00158-160x120.jpg 160w\" sizes=\"auto, (max-width: 150px) 100vw, 150px\" data-attachment-id=\"766\" data-permalink=\"https:\/\/www.schwarz-gold.de\/blog\/deutsches-tanzsportabzeichen\/cam00158\/\" data-orig-file=\"https:\/\/www.schwarz-gold.de\/blog\/wp-content\/uploads\/2015\/06\/CAM00158.jpg\" data-orig-size=\"3264,2448\" data-comments-opened=\"0\" data-image-meta=\"{&quot;aperture&quot;:&quot;2.4&quot;,&quot;credit&quot;:&quot;&quot;,&quot;camera&quot;:&quot;LG-P710&quot;,&quot;caption&quot;:&quot;&quot;,&quot;created_timestamp&quot;:&quot;1432228054&quot;,&quot;copyright&quot;:&quot;&quot;,&quot;focal_length&quot;:&quot;3.2&quot;,&quot;iso&quot;:&quot;300&quot;,&quot;shutter_speed&quot;:&quot;0.03030303030303&quot;,&quot;title&quot;:&quot;&quot;,&quot;orientation&quot;:&quot;0&quot;}\" data-image-title=\"DEUTSCHES tANZSPORTABZEICHEN\" data-image-description=\"\" data-image-caption=\"\" data-medium-file=\"https:\/\/www.schwarz-gold.de\/blog\/wp-content\/uploads\/2015\/06\/CAM00158-300x225.jpg\" data-large-file=\"https:\/\/www.schwarz-gold.de\/blog\/wp-content\/uploads\/2015\/06\/CAM00158-1024x768.jpg\" \/><\/a>\n\t\t\t<\/dt><\/dl><dl class='gallery-item'>\n\t\t\t<dt class='gallery-icon landscape'>\n\t\t\t\t<a href='https:\/\/www.schwarz-gold.de\/blog\/deutsches-tanzsportabzeichen\/cam00153\/'><img loading=\"lazy\" decoding=\"async\" width=\"150\" height=\"113\" src=\"https:\/\/www.schwarz-gold.de\/blog\/wp-content\/uploads\/2015\/06\/CAM00153-150x113.jpg\" class=\"attachment-thumbnail size-thumbnail\" alt=\"\" srcset=\"https:\/\/www.schwarz-gold.de\/blog\/wp-content\/uploads\/2015\/06\/CAM00153-150x113.jpg 150w, https:\/\/www.schwarz-gold.de\/blog\/wp-content\/uploads\/2015\/06\/CAM00153-300x225.jpg 300w, https:\/\/www.schwarz-gold.de\/blog\/wp-content\/uploads\/2015\/06\/CAM00153-1024x768.jpg 1024w, https:\/\/www.schwarz-gold.de\/blog\/wp-content\/uploads\/2015\/06\/CAM00153-705x529.jpg 705w, https:\/\/www.schwarz-gold.de\/blog\/wp-content\/uploads\/2015\/06\/CAM00153-160x120.jpg 160w\" sizes=\"auto, (max-width: 150px) 100vw, 150px\" data-attachment-id=\"767\" data-permalink=\"https:\/\/www.schwarz-gold.de\/blog\/deutsches-tanzsportabzeichen\/cam00153\/\" data-orig-file=\"https:\/\/www.schwarz-gold.de\/blog\/wp-content\/uploads\/2015\/06\/CAM00153.jpg\" data-orig-size=\"3264,2448\" data-comments-opened=\"0\" data-image-meta=\"{&quot;aperture&quot;:&quot;2.4&quot;,&quot;credit&quot;:&quot;&quot;,&quot;camera&quot;:&quot;LG-P710&quot;,&quot;caption&quot;:&quot;&quot;,&quot;created_timestamp&quot;:&quot;1432221584&quot;,&quot;copyright&quot;:&quot;&quot;,&quot;focal_length&quot;:&quot;3.2&quot;,&quot;iso&quot;:&quot;400&quot;,&quot;shutter_speed&quot;:&quot;0.03030303030303&quot;,&quot;title&quot;:&quot;&quot;,&quot;orientation&quot;:&quot;0&quot;}\" data-image-title=\"CAM00153\" data-image-description=\"\" data-image-caption=\"\" data-medium-file=\"https:\/\/www.schwarz-gold.de\/blog\/wp-content\/uploads\/2015\/06\/CAM00153-300x225.jpg\" data-large-file=\"https:\/\/www.schwarz-gold.de\/blog\/wp-content\/uploads\/2015\/06\/CAM00153-1024x768.jpg\" \/><\/a>\n\t\t\t<\/dt><\/dl><br style=\"clear: both\" \/><dl class='gallery-item'>\n\t\t\t<dt class='gallery-icon landscape'>\n\t\t\t\t<a href='https:\/\/www.schwarz-gold.de\/blog\/deutsches-tanzsportabzeichen\/cam00155\/'><img loading=\"lazy\" decoding=\"async\" width=\"150\" height=\"113\" src=\"https:\/\/www.schwarz-gold.de\/blog\/wp-content\/uploads\/2015\/06\/CAM00155-150x113.jpg\" class=\"attachment-thumbnail size-thumbnail\" alt=\"\" srcset=\"https:\/\/www.schwarz-gold.de\/blog\/wp-content\/uploads\/2015\/06\/CAM00155-150x113.jpg 150w, https:\/\/www.schwarz-gold.de\/blog\/wp-content\/uploads\/2015\/06\/CAM00155-300x225.jpg 300w, https:\/\/www.schwarz-gold.de\/blog\/wp-content\/uploads\/2015\/06\/CAM00155-1024x768.jpg 1024w, https:\/\/www.schwarz-gold.de\/blog\/wp-content\/uploads\/2015\/06\/CAM00155-705x529.jpg 705w, https:\/\/www.schwarz-gold.de\/blog\/wp-content\/uploads\/2015\/06\/CAM00155-160x120.jpg 160w\" sizes=\"auto, (max-width: 150px) 100vw, 150px\" data-attachment-id=\"768\" data-permalink=\"https:\/\/www.schwarz-gold.de\/blog\/deutsches-tanzsportabzeichen\/cam00155\/\" data-orig-file=\"https:\/\/www.schwarz-gold.de\/blog\/wp-content\/uploads\/2015\/06\/CAM00155.jpg\" data-orig-size=\"3264,2448\" data-comments-opened=\"0\" data-image-meta=\"{&quot;aperture&quot;:&quot;2.4&quot;,&quot;credit&quot;:&quot;&quot;,&quot;camera&quot;:&quot;LG-P710&quot;,&quot;caption&quot;:&quot;&quot;,&quot;created_timestamp&quot;:&quot;1432226987&quot;,&quot;copyright&quot;:&quot;&quot;,&quot;focal_length&quot;:&quot;3.2&quot;,&quot;iso&quot;:&quot;200&quot;,&quot;shutter_speed&quot;:&quot;0.03030303030303&quot;,&quot;title&quot;:&quot;&quot;,&quot;orientation&quot;:&quot;0&quot;}\" data-image-title=\"CAM00155\" data-image-description=\"\" data-image-caption=\"\" data-medium-file=\"https:\/\/www.schwarz-gold.de\/blog\/wp-content\/uploads\/2015\/06\/CAM00155-300x225.jpg\" data-large-file=\"https:\/\/www.schwarz-gold.de\/blog\/wp-content\/uploads\/2015\/06\/CAM00155-1024x768.jpg\" \/><\/a>\n\t\t\t<\/dt><\/dl><dl class='gallery-item'>\n\t\t\t<dt class='gallery-icon landscape'>\n\t\t\t\t<a href='https:\/\/www.schwarz-gold.de\/blog\/deutsches-tanzsportabzeichen\/cam00156\/'><img loading=\"lazy\" decoding=\"async\" width=\"150\" height=\"113\" src=\"https:\/\/www.schwarz-gold.de\/blog\/wp-content\/uploads\/2015\/06\/CAM00156-150x113.jpg\" class=\"attachment-thumbnail size-thumbnail\" alt=\"\" srcset=\"https:\/\/www.schwarz-gold.de\/blog\/wp-content\/uploads\/2015\/06\/CAM00156-150x113.jpg 150w, https:\/\/www.schwarz-gold.de\/blog\/wp-content\/uploads\/2015\/06\/CAM00156-300x225.jpg 300w, https:\/\/www.schwarz-gold.de\/blog\/wp-content\/uploads\/2015\/06\/CAM00156-1024x768.jpg 1024w, https:\/\/www.schwarz-gold.de\/blog\/wp-content\/uploads\/2015\/06\/CAM00156-705x529.jpg 705w, https:\/\/www.schwarz-gold.de\/blog\/wp-content\/uploads\/2015\/06\/CAM00156-160x120.jpg 160w\" sizes=\"auto, (max-width: 150px) 100vw, 150px\" data-attachment-id=\"769\" data-permalink=\"https:\/\/www.schwarz-gold.de\/blog\/deutsches-tanzsportabzeichen\/cam00156\/\" data-orig-file=\"https:\/\/www.schwarz-gold.de\/blog\/wp-content\/uploads\/2015\/06\/CAM00156.jpg\" data-orig-size=\"3264,2448\" data-comments-opened=\"0\" data-image-meta=\"{&quot;aperture&quot;:&quot;2.4&quot;,&quot;credit&quot;:&quot;&quot;,&quot;camera&quot;:&quot;LG-P710&quot;,&quot;caption&quot;:&quot;&quot;,&quot;created_timestamp&quot;:&quot;1432227095&quot;,&quot;copyright&quot;:&quot;&quot;,&quot;focal_length&quot;:&quot;3.2&quot;,&quot;iso&quot;:&quot;300&quot;,&quot;shutter_speed&quot;:&quot;0.03030303030303&quot;,&quot;title&quot;:&quot;&quot;,&quot;orientation&quot;:&quot;0&quot;}\" data-image-title=\"CAM00156\" data-image-description=\"\" data-image-caption=\"\" data-medium-file=\"https:\/\/www.schwarz-gold.de\/blog\/wp-content\/uploads\/2015\/06\/CAM00156-300x225.jpg\" data-large-file=\"https:\/\/www.schwarz-gold.de\/blog\/wp-content\/uploads\/2015\/06\/CAM00156-1024x768.jpg\" \/><\/a>\n\t\t\t<\/dt><\/dl><br style=\"clear: both\" \/>\n\t\t<\/div>\n\n","protected":false},"excerpt":{"rendered":"<p>Unsere Kleinsten zeigten ihr t\u00e4nzerisches K\u00f6nnen am 21.5. in den Clubr\u00e4umen von Schwarz-Gold. Unter den Augen des Pr\u00fcfers Karl-Heinz Haag f\u00fchrten insgesamt 95 kinder im Alter von 3 bis 10 Jahren ihre t\u00e4nzerischen F\u00e4higkeiten vor. Hervorragend vorbereitet von den Trainerinnen Verena (Kindertanz), Simone (Ballett) und Isabella (Linientanz) bestanden alle kinder die Pr\u00fcfung und durften als [&hellip;]<\/p>\n","protected":false},"author":1,"featured_media":0,"comment_status":"closed","ping_status":"open","sticky":false,"template":"","format":"standard","meta":{"_jetpack_memberships_contains_paid_content":false,"footnotes":""},"categories":[1,14],"tags":[],"class_list":["post-765","post","type-post","status-publish","format-standard","hentry","category-allgemein","category-auszeichnungen"],"jetpack_featured_media_url":"","jetpack_shortlink":"https:\/\/wp.me\/p8bS6P-cl","jetpack_sharing_enabled":true,"_links":{"self":[{"href":"https:\/\/www.schwarz-gold.de\/blog\/wp-json\/wp\/v2\/posts\/765","targetHints":{"allow":["GET"]}}],"collection":[{"href":"https:\/\/www.schwarz-gold.de\/blog\/wp-json\/wp\/v2\/posts"}],"about":[{"href":"https:\/\/www.schwarz-gold.de\/blog\/wp-json\/wp\/v2\/types\/post"}],"author":[{"embeddable":true,"href":"https:\/\/www.schwarz-gold.de\/blog\/wp-json\/wp\/v2\/users\/1"}],"replies":[{"embeddable":true,"href":"https:\/\/www.schwarz-gold.de\/blog\/wp-json\/wp\/v2\/comments?post=765"}],"version-history":[{"count":2,"href":"https:\/\/www.schwarz-gold.de\/blog\/wp-json\/wp\/v2\/posts\/765\/revisions"}],"predecessor-version":[{"id":771,"href":"https:\/\/www.schwarz-gold.de\/blog\/wp-json\/wp\/v2\/posts\/765\/revisions\/771"}],"wp:attachment":[{"href":"https:\/\/www.schwarz-gold.de\/blog\/wp-json\/wp\/v2\/media?parent=765"}],"wp:term":[{"taxonomy":"category","embeddable":true,"href":"https:\/\/www.schwarz-gold.de\/blog\/wp-json\/wp\/v2\/categories?post=765"},{"taxonomy":"post_tag","embeddable":true,"href":"https:\/\/www.schwarz-gold.de\/blog\/wp-json\/wp\/v2\/tags?post=765"}],"curies":[{"name":"wp","href":"https:\/\/api.w.org\/{rel}","templated":true}]}}