{"id":3706,"date":"2026-04-27T14:52:27","date_gmt":"2026-04-27T12:52:27","guid":{"rendered":"https:\/\/www.schwarz-gold.de\/blog\/?p=3706"},"modified":"2026-04-27T14:53:15","modified_gmt":"2026-04-27T12:53:15","slug":"schwarz-gold-jmc-formationen-in-moerfelden-walldorf-erfolgreich","status":"publish","type":"post","link":"https:\/\/www.schwarz-gold.de\/blog\/schwarz-gold-jmc-formationen-in-moerfelden-walldorf-erfolgreich\/","title":{"rendered":"Schwarz-Gold JMC-Formationen in M\u00f6rfelden-Walldorf erfolgreich"},"content":{"rendered":"\n<p>Nach dem erfolgreichen Saisonauftakt beim Heimturnier, ging es f\u00fcr unsere Jazz und Modern Contemporary (JMC) Formationen am 25. und 26.4.2026 zur SKV nach M\u00f6rfelden-Walldorf.<\/p>\n\n\n\n<p>Dort wurde das zweite Saisonturnier in der Kinderlandesliga 2 und der Jugendlandesliga ausgetragen, in dem unsere Formationen die tollen Platzierungen vom Heimturnier wiederholen konnten.<br><br>So belegte unsere Formation &#8222;Calea&#8220; in der Kinderlandesliga 2 den starken 3. Platz und musste sich nur den &#8222;Dance Kids&#8220; vom TSA d. TV 1897 Goldbach (1. Platz) und der &#8222;Spot&#8220;-Formation vom TSC Blau-Wei\u00df Walldorf (2.Platz) geschlagen geben.<\/p>\n\n\n\n<figure class=\"wp-block-image size-full\"><img loading=\"lazy\" decoding=\"async\" width=\"889\" height=\"779\" data-attachment-id=\"3696\" data-permalink=\"https:\/\/www.schwarz-gold.de\/blog\/toller-saisonauftakt-fuer-schwarz-gold-jmc-formationen-beim-heimturnier\/calea\/\" data-orig-file=\"https:\/\/www.schwarz-gold.de\/blog\/wp-content\/uploads\/2026\/03\/Calea.jpeg\" data-orig-size=\"889,779\" data-comments-opened=\"0\" data-image-meta=\"{&quot;aperture&quot;:&quot;0&quot;,&quot;credit&quot;:&quot;&quot;,&quot;camera&quot;:&quot;&quot;,&quot;caption&quot;:&quot;&quot;,&quot;created_timestamp&quot;:&quot;1774102193&quot;,&quot;copyright&quot;:&quot;&quot;,&quot;focal_length&quot;:&quot;0&quot;,&quot;iso&quot;:&quot;0&quot;,&quot;shutter_speed&quot;:&quot;0&quot;,&quot;title&quot;:&quot;&quot;,&quot;orientation&quot;:&quot;1&quot;}\" data-image-title=\"Calea\" data-image-description=\"\" data-image-caption=\"\" data-medium-file=\"https:\/\/www.schwarz-gold.de\/blog\/wp-content\/uploads\/2026\/03\/Calea-300x263.jpeg\" data-large-file=\"https:\/\/www.schwarz-gold.de\/blog\/wp-content\/uploads\/2026\/03\/Calea.jpeg\" src=\"https:\/\/www.schwarz-gold.de\/blog\/wp-content\/uploads\/2026\/03\/Calea.jpeg\" alt=\"\" class=\"wp-image-3696\" srcset=\"https:\/\/www.schwarz-gold.de\/blog\/wp-content\/uploads\/2026\/03\/Calea.jpeg 889w, https:\/\/www.schwarz-gold.de\/blog\/wp-content\/uploads\/2026\/03\/Calea-300x263.jpeg 300w, https:\/\/www.schwarz-gold.de\/blog\/wp-content\/uploads\/2026\/03\/Calea-150x131.jpeg 150w, https:\/\/www.schwarz-gold.de\/blog\/wp-content\/uploads\/2026\/03\/Calea-768x673.jpeg 768w, https:\/\/www.schwarz-gold.de\/blog\/wp-content\/uploads\/2026\/03\/Calea-705x618.jpeg 705w\" sizes=\"auto, (max-width: 889px) 100vw, 889px\" \/><\/figure>\n\n\n\n<p>In der Jugendlandesliga setzte unsere Formation &#8222;Caligo&#8220; noch einen drauf und erk\u00e4mpfte sich den fantastischen 2. Platz hinter der Formation &#8222;smove&#8220; vom TSC Gro\u00df-Gerau und vor der Formation &#8222;Incredibles&#8220; vom SKV M\u00f6rfelden.<\/p>\n\n\n\n<figure class=\"wp-block-image size-large\"><img loading=\"lazy\" decoding=\"async\" width=\"1024\" height=\"796\" data-attachment-id=\"3697\" data-permalink=\"https:\/\/www.schwarz-gold.de\/blog\/toller-saisonauftakt-fuer-schwarz-gold-jmc-formationen-beim-heimturnier\/caligo\/\" data-orig-file=\"https:\/\/www.schwarz-gold.de\/blog\/wp-content\/uploads\/2026\/03\/Caligo-scaled.jpeg\" data-orig-size=\"2560,1989\" data-comments-opened=\"0\" data-image-meta=\"{&quot;aperture&quot;:&quot;1.78&quot;,&quot;credit&quot;:&quot;&quot;,&quot;camera&quot;:&quot;iPhone 15 Pro Max&quot;,&quot;caption&quot;:&quot;&quot;,&quot;created_timestamp&quot;:&quot;1774189654&quot;,&quot;copyright&quot;:&quot;&quot;,&quot;focal_length&quot;:&quot;6.7649998656528&quot;,&quot;iso&quot;:&quot;125&quot;,&quot;shutter_speed&quot;:&quot;0.02&quot;,&quot;title&quot;:&quot;&quot;,&quot;orientation&quot;:&quot;1&quot;}\" data-image-title=\"Caligo\" data-image-description=\"\" data-image-caption=\"\" data-medium-file=\"https:\/\/www.schwarz-gold.de\/blog\/wp-content\/uploads\/2026\/03\/Caligo-300x233.jpeg\" data-large-file=\"https:\/\/www.schwarz-gold.de\/blog\/wp-content\/uploads\/2026\/03\/Caligo-1024x796.jpeg\" src=\"https:\/\/www.schwarz-gold.de\/blog\/wp-content\/uploads\/2026\/03\/Caligo-1024x796.jpeg\" alt=\"\" class=\"wp-image-3697\" srcset=\"https:\/\/www.schwarz-gold.de\/blog\/wp-content\/uploads\/2026\/03\/Caligo-1024x796.jpeg 1024w, https:\/\/www.schwarz-gold.de\/blog\/wp-content\/uploads\/2026\/03\/Caligo-300x233.jpeg 300w, https:\/\/www.schwarz-gold.de\/blog\/wp-content\/uploads\/2026\/03\/Caligo-150x117.jpeg 150w, https:\/\/www.schwarz-gold.de\/blog\/wp-content\/uploads\/2026\/03\/Caligo-768x597.jpeg 768w, https:\/\/www.schwarz-gold.de\/blog\/wp-content\/uploads\/2026\/03\/Caligo-1536x1193.jpeg 1536w, https:\/\/www.schwarz-gold.de\/blog\/wp-content\/uploads\/2026\/03\/Caligo-2048x1591.jpeg 2048w, https:\/\/www.schwarz-gold.de\/blog\/wp-content\/uploads\/2026\/03\/Caligo-705x548.jpeg 705w\" sizes=\"auto, (max-width: 1024px) 100vw, 1024px\" \/><\/figure>\n\n\n\n<p>Wir w\u00fcnschen unseren Turniert\u00e4nzerinnen weiterhin einen erfolgreichen Saisonverlauf.<\/p>\n","protected":false},"excerpt":{"rendered":"<p>Nach dem erfolgreichen Saisonauftakt beim Heimturnier, ging es f\u00fcr unsere Jazz und Modern Contemporary (JMC) Formationen am 25. und 26.4.2026 zur SKV nach M\u00f6rfelden-Walldorf. Dort wurde das zweite Saisonturnier in der Kinderlandesliga 2 und der Jugendlandesliga ausgetragen, in dem unsere Formationen die tollen Platzierungen vom Heimturnier wiederholen konnten. So belegte unsere Formation &#8222;Calea&#8220; in der [&hellip;]<\/p>\n","protected":false},"author":6,"featured_media":3696,"comment_status":"closed","ping_status":"open","sticky":true,"template":"","format":"standard","meta":{"_jetpack_memberships_contains_paid_content":false,"footnotes":""},"categories":[1],"tags":[636,635,593,639,638,645,27],"class_list":["post-3706","post","type-post","status-publish","format-standard","has-post-thumbnail","hentry","category-allgemein","tag-calea","tag-caligo","tag-jazz-modern-contemporary","tag-jugendlandesliga","tag-kinderlandesliga-2","tag-skv-moerfelden","tag-turnier"],"jetpack_featured_media_url":"https:\/\/www.schwarz-gold.de\/blog\/wp-content\/uploads\/2026\/03\/Calea.jpeg","jetpack_shortlink":"https:\/\/wp.me\/p8bS6P-XM","jetpack_sharing_enabled":true,"_links":{"self":[{"href":"https:\/\/www.schwarz-gold.de\/blog\/wp-json\/wp\/v2\/posts\/3706","targetHints":{"allow":["GET"]}}],"collection":[{"href":"https:\/\/www.schwarz-gold.de\/blog\/wp-json\/wp\/v2\/posts"}],"about":[{"href":"https:\/\/www.schwarz-gold.de\/blog\/wp-json\/wp\/v2\/types\/post"}],"author":[{"embeddable":true,"href":"https:\/\/www.schwarz-gold.de\/blog\/wp-json\/wp\/v2\/users\/6"}],"replies":[{"embeddable":true,"href":"https:\/\/www.schwarz-gold.de\/blog\/wp-json\/wp\/v2\/comments?post=3706"}],"version-history":[{"count":1,"href":"https:\/\/www.schwarz-gold.de\/blog\/wp-json\/wp\/v2\/posts\/3706\/revisions"}],"predecessor-version":[{"id":3707,"href":"https:\/\/www.schwarz-gold.de\/blog\/wp-json\/wp\/v2\/posts\/3706\/revisions\/3707"}],"wp:featuredmedia":[{"embeddable":true,"href":"https:\/\/www.schwarz-gold.de\/blog\/wp-json\/wp\/v2\/media\/3696"}],"wp:attachment":[{"href":"https:\/\/www.schwarz-gold.de\/blog\/wp-json\/wp\/v2\/media?parent=3706"}],"wp:term":[{"taxonomy":"category","embeddable":true,"href":"https:\/\/www.schwarz-gold.de\/blog\/wp-json\/wp\/v2\/categories?post=3706"},{"taxonomy":"post_tag","embeddable":true,"href":"https:\/\/www.schwarz-gold.de\/blog\/wp-json\/wp\/v2\/tags?post=3706"}],"curies":[{"name":"wp","href":"https:\/\/api.w.org\/{rel}","templated":true}]}}