{"id":3622,"date":"2025-09-03T08:44:35","date_gmt":"2025-09-03T06:44:35","guid":{"rendered":"https:\/\/www.schwarz-gold.de\/blog\/?p=3622"},"modified":"2025-09-03T08:51:45","modified_gmt":"2025-09-03T06:51:45","slug":"tolle-erfolge-von-schwarz-gold-beim-jmc-newcomer-pokal-in-walldorf","status":"publish","type":"post","link":"https:\/\/www.schwarz-gold.de\/blog\/tolle-erfolge-von-schwarz-gold-beim-jmc-newcomer-pokal-in-walldorf\/","title":{"rendered":"Tolle Erfolge der Schwarz-Gold Jugend beim JMC Newcomer Pokal in Walldorf"},"content":{"rendered":"\n<p>Am 30.8. und 31.8.2025 haben unsere Schwarz-Gold Kinder und Jugendliche beim Newcomer Pokal im Jazz Modern Contemporary (JMC) in Walldorf eine fantastische Erfolgsserie hingelegt.<\/p>\n\n\n\n<p>In der Kategorie Solo Breitensport kam Elisa Wachtendorf in der Startgruppe Kinder auf den hervorragenden 4. Platz von 14 Teilnehmer.<\/p>\n\n\n\n<figure class=\"wp-block-image size-large\"><img loading=\"lazy\" decoding=\"async\" width=\"616\" height=\"1024\" data-attachment-id=\"3623\" data-permalink=\"https:\/\/www.schwarz-gold.de\/blog\/tolle-erfolge-von-schwarz-gold-beim-jmc-newcomer-pokal-in-walldorf\/elisa-wachtendorf-2025\/\" data-orig-file=\"https:\/\/www.schwarz-gold.de\/blog\/wp-content\/uploads\/2025\/09\/Elisa-Wachtendorf-2025-scaled.jpeg\" data-orig-size=\"1540,2560\" data-comments-opened=\"0\" data-image-meta=\"{&quot;aperture&quot;:&quot;1.6&quot;,&quot;credit&quot;:&quot;&quot;,&quot;camera&quot;:&quot;iPhone 16&quot;,&quot;caption&quot;:&quot;&quot;,&quot;created_timestamp&quot;:&quot;1756563309&quot;,&quot;copyright&quot;:&quot;&quot;,&quot;focal_length&quot;:&quot;5.960000038147&quot;,&quot;iso&quot;:&quot;64&quot;,&quot;shutter_speed&quot;:&quot;0.0082644628099174&quot;,&quot;title&quot;:&quot;&quot;,&quot;orientation&quot;:&quot;1&quot;}\" data-image-title=\"Elisa Wachtendorf 2025\" data-image-description=\"\" data-image-caption=\"\" data-medium-file=\"https:\/\/www.schwarz-gold.de\/blog\/wp-content\/uploads\/2025\/09\/Elisa-Wachtendorf-2025-181x300.jpeg\" data-large-file=\"https:\/\/www.schwarz-gold.de\/blog\/wp-content\/uploads\/2025\/09\/Elisa-Wachtendorf-2025-616x1024.jpeg\" src=\"https:\/\/www.schwarz-gold.de\/blog\/wp-content\/uploads\/2025\/09\/Elisa-Wachtendorf-2025-616x1024.jpeg\" alt=\"\" class=\"wp-image-3623\" srcset=\"https:\/\/www.schwarz-gold.de\/blog\/wp-content\/uploads\/2025\/09\/Elisa-Wachtendorf-2025-616x1024.jpeg 616w, https:\/\/www.schwarz-gold.de\/blog\/wp-content\/uploads\/2025\/09\/Elisa-Wachtendorf-2025-181x300.jpeg 181w, https:\/\/www.schwarz-gold.de\/blog\/wp-content\/uploads\/2025\/09\/Elisa-Wachtendorf-2025-90x150.jpeg 90w, https:\/\/www.schwarz-gold.de\/blog\/wp-content\/uploads\/2025\/09\/Elisa-Wachtendorf-2025-768x1276.jpeg 768w, https:\/\/www.schwarz-gold.de\/blog\/wp-content\/uploads\/2025\/09\/Elisa-Wachtendorf-2025-924x1536.jpeg 924w, https:\/\/www.schwarz-gold.de\/blog\/wp-content\/uploads\/2025\/09\/Elisa-Wachtendorf-2025-1232x2048.jpeg 1232w, https:\/\/www.schwarz-gold.de\/blog\/wp-content\/uploads\/2025\/09\/Elisa-Wachtendorf-2025-705x1172.jpeg 705w, https:\/\/www.schwarz-gold.de\/blog\/wp-content\/uploads\/2025\/09\/Elisa-Wachtendorf-2025-scaled.jpeg 1540w\" sizes=\"auto, (max-width: 616px) 100vw, 616px\" \/><\/figure>\n\n\n\n<p>Noch besser lief es f\u00fcr Marta Contavalle und Alena Wachtendorf in der Kategorie Duo Leistungssport in der Startgruppe Kinder. Von 8 teilnehmenden Duos erreichten sie den fantastischen 2. Platz.<\/p>\n\n\n\n<figure class=\"wp-block-image size-large\"><img loading=\"lazy\" decoding=\"async\" width=\"915\" height=\"1024\" data-attachment-id=\"3624\" data-permalink=\"https:\/\/www.schwarz-gold.de\/blog\/tolle-erfolge-von-schwarz-gold-beim-jmc-newcomer-pokal-in-walldorf\/alena-marta-newcomer-ls-2025\/\" data-orig-file=\"https:\/\/www.schwarz-gold.de\/blog\/wp-content\/uploads\/2025\/09\/Alena-Marta-Newcomer-LS-2025-scaled.jpeg\" data-orig-size=\"2288,2560\" data-comments-opened=\"0\" data-image-meta=\"{&quot;aperture&quot;:&quot;1.6&quot;,&quot;credit&quot;:&quot;&quot;,&quot;camera&quot;:&quot;iPhone 16&quot;,&quot;caption&quot;:&quot;&quot;,&quot;created_timestamp&quot;:&quot;1756579335&quot;,&quot;copyright&quot;:&quot;&quot;,&quot;focal_length&quot;:&quot;5.960000038147&quot;,&quot;iso&quot;:&quot;100&quot;,&quot;shutter_speed&quot;:&quot;0.02&quot;,&quot;title&quot;:&quot;&quot;,&quot;orientation&quot;:&quot;1&quot;}\" data-image-title=\"Alena + Marta Newcomer LS 2025\" data-image-description=\"\" data-image-caption=\"\" data-medium-file=\"https:\/\/www.schwarz-gold.de\/blog\/wp-content\/uploads\/2025\/09\/Alena-Marta-Newcomer-LS-2025-268x300.jpeg\" data-large-file=\"https:\/\/www.schwarz-gold.de\/blog\/wp-content\/uploads\/2025\/09\/Alena-Marta-Newcomer-LS-2025-915x1024.jpeg\" src=\"https:\/\/www.schwarz-gold.de\/blog\/wp-content\/uploads\/2025\/09\/Alena-Marta-Newcomer-LS-2025-915x1024.jpeg\" alt=\"\" class=\"wp-image-3624\" srcset=\"https:\/\/www.schwarz-gold.de\/blog\/wp-content\/uploads\/2025\/09\/Alena-Marta-Newcomer-LS-2025-915x1024.jpeg 915w, https:\/\/www.schwarz-gold.de\/blog\/wp-content\/uploads\/2025\/09\/Alena-Marta-Newcomer-LS-2025-268x300.jpeg 268w, https:\/\/www.schwarz-gold.de\/blog\/wp-content\/uploads\/2025\/09\/Alena-Marta-Newcomer-LS-2025-134x150.jpeg 134w, https:\/\/www.schwarz-gold.de\/blog\/wp-content\/uploads\/2025\/09\/Alena-Marta-Newcomer-LS-2025-768x859.jpeg 768w, https:\/\/www.schwarz-gold.de\/blog\/wp-content\/uploads\/2025\/09\/Alena-Marta-Newcomer-LS-2025-1373x1536.jpeg 1373w, https:\/\/www.schwarz-gold.de\/blog\/wp-content\/uploads\/2025\/09\/Alena-Marta-Newcomer-LS-2025-1831x2048.jpeg 1831w, https:\/\/www.schwarz-gold.de\/blog\/wp-content\/uploads\/2025\/09\/Alena-Marta-Newcomer-LS-2025-705x789.jpeg 705w\" sizes=\"auto, (max-width: 915px) 100vw, 915px\" \/><\/figure>\n\n\n\n<p>Den Sprung auf das oberste Treppchen gelang Mariella Scheiner in der Kategorie Solo Breitensport. Sie gewann in der Startgruppe Jugend II.<\/p>\n\n\n\n<figure class=\"wp-block-image size-large\"><img loading=\"lazy\" decoding=\"async\" width=\"791\" height=\"1024\" data-attachment-id=\"3625\" data-permalink=\"https:\/\/www.schwarz-gold.de\/blog\/tolle-erfolge-von-schwarz-gold-beim-jmc-newcomer-pokal-in-walldorf\/mariella-scheiner-2025\/\" data-orig-file=\"https:\/\/www.schwarz-gold.de\/blog\/wp-content\/uploads\/2025\/09\/Mariella-Scheiner-2025.jpeg\" data-orig-size=\"1402,1814\" data-comments-opened=\"0\" data-image-meta=\"{&quot;aperture&quot;:&quot;0&quot;,&quot;credit&quot;:&quot;&quot;,&quot;camera&quot;:&quot;&quot;,&quot;caption&quot;:&quot;&quot;,&quot;created_timestamp&quot;:&quot;1756664484&quot;,&quot;copyright&quot;:&quot;&quot;,&quot;focal_length&quot;:&quot;0&quot;,&quot;iso&quot;:&quot;0&quot;,&quot;shutter_speed&quot;:&quot;0&quot;,&quot;title&quot;:&quot;&quot;,&quot;orientation&quot;:&quot;1&quot;}\" data-image-title=\"Mariella Scheiner 2025\" data-image-description=\"\" data-image-caption=\"\" data-medium-file=\"https:\/\/www.schwarz-gold.de\/blog\/wp-content\/uploads\/2025\/09\/Mariella-Scheiner-2025-232x300.jpeg\" data-large-file=\"https:\/\/www.schwarz-gold.de\/blog\/wp-content\/uploads\/2025\/09\/Mariella-Scheiner-2025-791x1024.jpeg\" src=\"https:\/\/www.schwarz-gold.de\/blog\/wp-content\/uploads\/2025\/09\/Mariella-Scheiner-2025-791x1024.jpeg\" alt=\"\" class=\"wp-image-3625\" srcset=\"https:\/\/www.schwarz-gold.de\/blog\/wp-content\/uploads\/2025\/09\/Mariella-Scheiner-2025-791x1024.jpeg 791w, https:\/\/www.schwarz-gold.de\/blog\/wp-content\/uploads\/2025\/09\/Mariella-Scheiner-2025-232x300.jpeg 232w, https:\/\/www.schwarz-gold.de\/blog\/wp-content\/uploads\/2025\/09\/Mariella-Scheiner-2025-116x150.jpeg 116w, https:\/\/www.schwarz-gold.de\/blog\/wp-content\/uploads\/2025\/09\/Mariella-Scheiner-2025-768x994.jpeg 768w, https:\/\/www.schwarz-gold.de\/blog\/wp-content\/uploads\/2025\/09\/Mariella-Scheiner-2025-1187x1536.jpeg 1187w, https:\/\/www.schwarz-gold.de\/blog\/wp-content\/uploads\/2025\/09\/Mariella-Scheiner-2025-705x912.jpeg 705w, https:\/\/www.schwarz-gold.de\/blog\/wp-content\/uploads\/2025\/09\/Mariella-Scheiner-2025.jpeg 1402w\" sizes=\"auto, (max-width: 791px) 100vw, 791px\" \/><\/figure>\n\n\n\n<p>Wir sind mega stolz auf unsere Turniert\u00e4nzerinnen und w\u00fcnschen ihnen viel Spa\u00df und Erfolg f\u00fcr die kommenden Turniere.<\/p>\n","protected":false},"excerpt":{"rendered":"<p>Am 30.8. und 31.8.2025 haben unsere Schwarz-Gold Kinder und Jugendliche beim Newcomer Pokal im Jazz Modern Contemporary (JMC) in Walldorf eine fantastische Erfolgsserie hingelegt. In der Kategorie Solo Breitensport kam Elisa Wachtendorf in der Startgruppe Kinder auf den hervorragenden 4. Platz von 14 Teilnehmer. Noch besser lief es f\u00fcr Marta Contavalle und Alena Wachtendorf in [&hellip;]<\/p>\n","protected":false},"author":6,"featured_media":3625,"comment_status":"closed","ping_status":"open","sticky":true,"template":"","format":"standard","meta":{"_jetpack_memberships_contains_paid_content":false,"footnotes":""},"categories":[1],"tags":[593,497,595,594],"class_list":["post-3622","post","type-post","status-publish","format-standard","has-post-thumbnail","hentry","category-allgemein","tag-jazz-modern-contemporary","tag-jmc","tag-newcomer-pokal","tag-walldorf"],"jetpack_featured_media_url":"https:\/\/www.schwarz-gold.de\/blog\/wp-content\/uploads\/2025\/09\/Mariella-Scheiner-2025.jpeg","jetpack_shortlink":"https:\/\/wp.me\/p8bS6P-Wq","jetpack_sharing_enabled":true,"_links":{"self":[{"href":"https:\/\/www.schwarz-gold.de\/blog\/wp-json\/wp\/v2\/posts\/3622","targetHints":{"allow":["GET"]}}],"collection":[{"href":"https:\/\/www.schwarz-gold.de\/blog\/wp-json\/wp\/v2\/posts"}],"about":[{"href":"https:\/\/www.schwarz-gold.de\/blog\/wp-json\/wp\/v2\/types\/post"}],"author":[{"embeddable":true,"href":"https:\/\/www.schwarz-gold.de\/blog\/wp-json\/wp\/v2\/users\/6"}],"replies":[{"embeddable":true,"href":"https:\/\/www.schwarz-gold.de\/blog\/wp-json\/wp\/v2\/comments?post=3622"}],"version-history":[{"count":2,"href":"https:\/\/www.schwarz-gold.de\/blog\/wp-json\/wp\/v2\/posts\/3622\/revisions"}],"predecessor-version":[{"id":3627,"href":"https:\/\/www.schwarz-gold.de\/blog\/wp-json\/wp\/v2\/posts\/3622\/revisions\/3627"}],"wp:featuredmedia":[{"embeddable":true,"href":"https:\/\/www.schwarz-gold.de\/blog\/wp-json\/wp\/v2\/media\/3625"}],"wp:attachment":[{"href":"https:\/\/www.schwarz-gold.de\/blog\/wp-json\/wp\/v2\/media?parent=3622"}],"wp:term":[{"taxonomy":"category","embeddable":true,"href":"https:\/\/www.schwarz-gold.de\/blog\/wp-json\/wp\/v2\/categories?post=3622"},{"taxonomy":"post_tag","embeddable":true,"href":"https:\/\/www.schwarz-gold.de\/blog\/wp-json\/wp\/v2\/tags?post=3622"}],"curies":[{"name":"wp","href":"https:\/\/api.w.org\/{rel}","templated":true}]}}