{"id":3562,"date":"2025-04-08T12:53:22","date_gmt":"2025-04-08T10:53:22","guid":{"rendered":"https:\/\/schwarz-gold.de\/blog\/?p=3562"},"modified":"2025-04-08T13:33:23","modified_gmt":"2025-04-08T11:33:23","slug":"2-platz-1-platz-3-platz-schwarz-gold-paare-glaenzen-bei-aschaffenburg-tanzt-2025","status":"publish","type":"post","link":"https:\/\/www.schwarz-gold.de\/blog\/2-platz-1-platz-3-platz-schwarz-gold-paare-glaenzen-bei-aschaffenburg-tanzt-2025\/","title":{"rendered":"2. Platz, 1. Platz, 3. Platz &#8211; Schwarz-Gold Paare \u201egl\u00e4nzen\u201c bei Aschaffenburg tanzt 2025"},"content":{"rendered":"\n<p>Das am 06.04.2025 vom TSC Schwarz-Gold ausgerichtete Standardturnier \u201eAschaffenburg tanzt\u201c ist f\u00fcr die Schwarz-Gold Paare sehr erfolgreich zu Ende gegangen.<\/p>\n\n\n\n<p>Gegen Paare aus ganz Deutschland haben alle \u201eTSCler\u201c ihre jeweilige Finalrunde erreicht und Top-Platzierungen erzielt.<\/p>\n\n\n\n<div class=\"wp-block-media-text is-stacked-on-mobile\"><figure class=\"wp-block-media-text__media\"><img loading=\"lazy\" decoding=\"async\" width=\"768\" height=\"1024\" data-attachment-id=\"3559\" data-permalink=\"https:\/\/www.schwarz-gold.de\/blog\/christoph-ivana\/\" data-orig-file=\"https:\/\/www.schwarz-gold.de\/blog\/wp-content\/uploads\/2025\/04\/Christoph-Ivana-scaled.jpg\" data-orig-size=\"1920,2560\" data-comments-opened=\"0\" data-image-meta=\"{&quot;aperture&quot;:&quot;1.6&quot;,&quot;credit&quot;:&quot;&quot;,&quot;camera&quot;:&quot;iPhone 16&quot;,&quot;caption&quot;:&quot;&quot;,&quot;created_timestamp&quot;:&quot;1743944319&quot;,&quot;copyright&quot;:&quot;&quot;,&quot;focal_length&quot;:&quot;5.960000038147&quot;,&quot;iso&quot;:&quot;100&quot;,&quot;shutter_speed&quot;:&quot;0.016129032258065&quot;,&quot;title&quot;:&quot;&quot;,&quot;orientation&quot;:&quot;1&quot;}\" data-image-title=\"Christoph Ivana\" data-image-description=\"\" data-image-caption=\"\" data-medium-file=\"https:\/\/www.schwarz-gold.de\/blog\/wp-content\/uploads\/2025\/04\/Christoph-Ivana-225x300.jpg\" data-large-file=\"https:\/\/www.schwarz-gold.de\/blog\/wp-content\/uploads\/2025\/04\/Christoph-Ivana-768x1024.jpg\" src=\"https:\/\/schwarz-gold.de\/blog\/wp-content\/uploads\/2025\/04\/Christoph-Ivana-768x1024.jpg\" alt=\"\" class=\"wp-image-3559 size-full\" srcset=\"https:\/\/www.schwarz-gold.de\/blog\/wp-content\/uploads\/2025\/04\/Christoph-Ivana-768x1024.jpg 768w, https:\/\/www.schwarz-gold.de\/blog\/wp-content\/uploads\/2025\/04\/Christoph-Ivana-225x300.jpg 225w, https:\/\/www.schwarz-gold.de\/blog\/wp-content\/uploads\/2025\/04\/Christoph-Ivana-113x150.jpg 113w, https:\/\/www.schwarz-gold.de\/blog\/wp-content\/uploads\/2025\/04\/Christoph-Ivana-1152x1536.jpg 1152w, https:\/\/www.schwarz-gold.de\/blog\/wp-content\/uploads\/2025\/04\/Christoph-Ivana-1536x2048.jpg 1536w, https:\/\/www.schwarz-gold.de\/blog\/wp-content\/uploads\/2025\/04\/Christoph-Ivana-705x940.jpg 705w, https:\/\/www.schwarz-gold.de\/blog\/wp-content\/uploads\/2025\/04\/Christoph-Ivana-scaled.jpg 1920w\" sizes=\"auto, (max-width: 768px) 100vw, 768px\" \/><\/figure><div class=\"wp-block-media-text__content\">\n<p>Den Anfang machten Ivana und Christoph Gutsfeld, die die Silbermedaille bei den Masters II A Standard gewannen. Das ist umso h\u00f6her zu bewerten, da die beiden zu \u201edritt\u201c getanzt haben.<\/p>\n\n\n\n<p><\/p>\n\n\n\n<p><\/p>\n\n\n\n<p><\/p>\n\n\n\n<p><br><br><br>1<em>: Foto Martin Deininger<\/em><\/p>\n<\/div><\/div>\n\n\n\n<p>Gewinner des Turniers wurden Silvia und Oliver Forstner vom Schwarz-Silber Frankfurt. Den 3. Platz erreichten Anita und Michael Priemer vom TSG Marburg.<\/p>\n\n\n\n<div class=\"wp-block-media-text has-media-on-the-right is-stacked-on-mobile\"><div class=\"wp-block-media-text__content\">\n<p>Doris Willenbruch und Thomas Fischer sorgten mit ihrem 1. Platz beim Einladungsturnier \u201eDie Glorreichen 7ziger\u201c aus Aschaffenburger Sicht f\u00fcr den H\u00f6hepunkt des Tages. Mit drei gewonnenen T\u00e4nzen setzen sie sich gegen weitere 8 Paare durch und machten damit den Sieg bei den Masters IV S Standard perfekt.<br>2<em>: Foto Klaus Butensch\u00f6n<\/em><\/p>\n<\/div><figure class=\"wp-block-media-text__media\"><img loading=\"lazy\" decoding=\"async\" width=\"1024\" height=\"683\" data-attachment-id=\"3561\" data-permalink=\"https:\/\/www.schwarz-gold.de\/blog\/thomas-doris\/\" data-orig-file=\"https:\/\/www.schwarz-gold.de\/blog\/wp-content\/uploads\/2025\/04\/Thomas-Doris.jpg\" data-orig-size=\"2048,1365\" data-comments-opened=\"0\" data-image-meta=\"{&quot;aperture&quot;:&quot;0&quot;,&quot;credit&quot;:&quot;&quot;,&quot;camera&quot;:&quot;&quot;,&quot;caption&quot;:&quot;&quot;,&quot;created_timestamp&quot;:&quot;0&quot;,&quot;copyright&quot;:&quot;&quot;,&quot;focal_length&quot;:&quot;0&quot;,&quot;iso&quot;:&quot;0&quot;,&quot;shutter_speed&quot;:&quot;0&quot;,&quot;title&quot;:&quot;&quot;,&quot;orientation&quot;:&quot;1&quot;}\" data-image-title=\"Thomas Doris\" data-image-description=\"\" data-image-caption=\"\" data-medium-file=\"https:\/\/www.schwarz-gold.de\/blog\/wp-content\/uploads\/2025\/04\/Thomas-Doris-300x200.jpg\" data-large-file=\"https:\/\/www.schwarz-gold.de\/blog\/wp-content\/uploads\/2025\/04\/Thomas-Doris-1024x683.jpg\" src=\"https:\/\/schwarz-gold.de\/blog\/wp-content\/uploads\/2025\/04\/Thomas-Doris-1024x683.jpg\" alt=\"\" class=\"wp-image-3561 size-full\" srcset=\"https:\/\/www.schwarz-gold.de\/blog\/wp-content\/uploads\/2025\/04\/Thomas-Doris-1024x683.jpg 1024w, https:\/\/www.schwarz-gold.de\/blog\/wp-content\/uploads\/2025\/04\/Thomas-Doris-300x200.jpg 300w, https:\/\/www.schwarz-gold.de\/blog\/wp-content\/uploads\/2025\/04\/Thomas-Doris-150x100.jpg 150w, https:\/\/www.schwarz-gold.de\/blog\/wp-content\/uploads\/2025\/04\/Thomas-Doris-768x512.jpg 768w, https:\/\/www.schwarz-gold.de\/blog\/wp-content\/uploads\/2025\/04\/Thomas-Doris-1536x1024.jpg 1536w, https:\/\/www.schwarz-gold.de\/blog\/wp-content\/uploads\/2025\/04\/Thomas-Doris-705x470.jpg 705w, https:\/\/www.schwarz-gold.de\/blog\/wp-content\/uploads\/2025\/04\/Thomas-Doris.jpg 2048w\" sizes=\"auto, (max-width: 1024px) 100vw, 1024px\" \/><\/figure><\/div>\n\n\n\n<p>Auf den 2. Platz kamen Dr. Christiane und Dr. Dieter Pioch vom TSC Savoy M\u00fcnchen vor Doris Daut-Brusius und Georg Brusius aus TSC Ingelheim.<\/p>\n\n\n\n<p>Der finale, sportliche H\u00f6hepunkt folgte im zweiten Turnier der h\u00f6chsten deutschen Startklasse, wo Melanie und Martin Deininger bei den Masters III S Standard starteten.<\/p>\n\n\n\n<p>Unangefochtener Sieger mit einer souver\u00e4nen Leistung wurden die mehrfachen Deutschen Meister und letztj\u00e4hrigen Weltmeisterschaftsfinalisten Susanne und Thomas Schmidt vom Schwarz-Rot-Club Wetzlar.<\/p>\n\n\n\n<div class=\"wp-block-media-text is-stacked-on-mobile\" style=\"grid-template-columns:49% auto\"><figure class=\"wp-block-media-text__media\"><img loading=\"lazy\" decoding=\"async\" width=\"768\" height=\"1024\" data-attachment-id=\"3560\" data-permalink=\"https:\/\/www.schwarz-gold.de\/blog\/martin-melanie\/\" data-orig-file=\"https:\/\/www.schwarz-gold.de\/blog\/wp-content\/uploads\/2025\/04\/Martin-Melanie-scaled.jpg\" data-orig-size=\"1920,2560\" data-comments-opened=\"0\" data-image-meta=\"{&quot;aperture&quot;:&quot;1.6&quot;,&quot;credit&quot;:&quot;&quot;,&quot;camera&quot;:&quot;iPhone 16&quot;,&quot;caption&quot;:&quot;&quot;,&quot;created_timestamp&quot;:&quot;1743956402&quot;,&quot;copyright&quot;:&quot;&quot;,&quot;focal_length&quot;:&quot;5.960000038147&quot;,&quot;iso&quot;:&quot;80&quot;,&quot;shutter_speed&quot;:&quot;0.0049751243781095&quot;,&quot;title&quot;:&quot;&quot;,&quot;orientation&quot;:&quot;1&quot;}\" data-image-title=\"Martin Melanie\" data-image-description=\"\" data-image-caption=\"\" data-medium-file=\"https:\/\/www.schwarz-gold.de\/blog\/wp-content\/uploads\/2025\/04\/Martin-Melanie-225x300.jpg\" data-large-file=\"https:\/\/www.schwarz-gold.de\/blog\/wp-content\/uploads\/2025\/04\/Martin-Melanie-768x1024.jpg\" src=\"https:\/\/schwarz-gold.de\/blog\/wp-content\/uploads\/2025\/04\/Martin-Melanie-768x1024.jpg\" alt=\"\" class=\"wp-image-3560 size-full\" srcset=\"https:\/\/www.schwarz-gold.de\/blog\/wp-content\/uploads\/2025\/04\/Martin-Melanie-768x1024.jpg 768w, https:\/\/www.schwarz-gold.de\/blog\/wp-content\/uploads\/2025\/04\/Martin-Melanie-225x300.jpg 225w, https:\/\/www.schwarz-gold.de\/blog\/wp-content\/uploads\/2025\/04\/Martin-Melanie-113x150.jpg 113w, https:\/\/www.schwarz-gold.de\/blog\/wp-content\/uploads\/2025\/04\/Martin-Melanie-1152x1536.jpg 1152w, https:\/\/www.schwarz-gold.de\/blog\/wp-content\/uploads\/2025\/04\/Martin-Melanie-1536x2048.jpg 1536w, https:\/\/www.schwarz-gold.de\/blog\/wp-content\/uploads\/2025\/04\/Martin-Melanie-705x940.jpg 705w, https:\/\/www.schwarz-gold.de\/blog\/wp-content\/uploads\/2025\/04\/Martin-Melanie-scaled.jpg 1920w\" sizes=\"auto, (max-width: 768px) 100vw, 768px\" \/><\/figure><div class=\"wp-block-media-text__content\">\n<p>Melanie und Martin lieferten sich einen anfangs engen Kampf um Platz 2, mussten sich dann aber relativ klar Barbara Rojahn und Klaus Bechtold vom <em>TSZ Blau-Gold Casino Darmstadt<\/em> geschlagen geben. Sie wurden letztendlich hervorragender 3. und nahmen neben der Bronzemedaille auch einen \u201eAschaffenburg tanzt 2025\u201c Pokal mit nach Hause.<\/p>\n\n\n\n<p><br>3<em>: Foto Martin Deininger<\/em><\/p>\n<\/div><\/div>\n\n\n\n<p>Wir gratulieren nochmal allen Paaren ganz herzlich zu ihren tollen Erfolgen, die nur mit viel Einsatz und flei\u00dfigem Training m\u00f6glich sind. Die Turnierpaare selbst bedanken sich besonders herzlich beim Organisationsteam f\u00fcr das fantastisch vorbereitete und durchgef\u00fchrte Turnier. \u201eAschaffenburg tanzt 2026\u201c kann kommen!<\/p>\n\n\n\n<p>Zu guter Letzt m\u00f6chten wir uns auch beim Fotografen Klaus Butensch\u00f6n f\u00fcr die tollen Turnierfotos bedanken, die <a href=\"http:\/\/www.ihr-fotograf-butenschoen.de\/fotogalerien.php?fotogalerie=tanzsport\/06.04.2025%20-%20Aschaffenburg%20-%20tanzt&amp;lang=de\">hier<\/a> k\u00e4uflich erworben werden k\u00f6nnen.<\/p>\n\n\n\n<p><\/p>\n","protected":false},"excerpt":{"rendered":"<p>Das am 06.04.2025 vom TSC Schwarz-Gold ausgerichtete Standardturnier \u201eAschaffenburg tanzt\u201c ist f\u00fcr die Schwarz-Gold Paare sehr erfolgreich zu Ende gegangen. Gegen Paare aus ganz Deutschland haben alle \u201eTSCler\u201c ihre jeweilige Finalrunde erreicht und Top-Platzierungen erzielt. Den Anfang machten Ivana und Christoph Gutsfeld, die die Silbermedaille bei den Masters II A Standard gewannen. Das ist umso [&hellip;]<\/p>\n","protected":false},"author":4,"featured_media":3560,"comment_status":"closed","ping_status":"open","sticky":true,"template":"","format":"standard","meta":{"_jetpack_memberships_contains_paid_content":false,"footnotes":""},"categories":[76],"tags":[562,521,512],"class_list":["post-3562","post","type-post","status-publish","format-standard","has-post-thumbnail","hentry","category-aschaffenburg-tanzt-turnierergebnisse","tag-doris-willenbruch-und-thomas-fischer","tag-ivana-und-christoph-gutsfeld","tag-melanie-und-martin-deininger"],"jetpack_featured_media_url":"https:\/\/www.schwarz-gold.de\/blog\/wp-content\/uploads\/2025\/04\/Martin-Melanie-scaled.jpg","jetpack_shortlink":"https:\/\/wp.me\/p8bS6P-Vs","jetpack_sharing_enabled":true,"_links":{"self":[{"href":"https:\/\/www.schwarz-gold.de\/blog\/wp-json\/wp\/v2\/posts\/3562","targetHints":{"allow":["GET"]}}],"collection":[{"href":"https:\/\/www.schwarz-gold.de\/blog\/wp-json\/wp\/v2\/posts"}],"about":[{"href":"https:\/\/www.schwarz-gold.de\/blog\/wp-json\/wp\/v2\/types\/post"}],"author":[{"embeddable":true,"href":"https:\/\/www.schwarz-gold.de\/blog\/wp-json\/wp\/v2\/users\/4"}],"replies":[{"embeddable":true,"href":"https:\/\/www.schwarz-gold.de\/blog\/wp-json\/wp\/v2\/comments?post=3562"}],"version-history":[{"count":1,"href":"https:\/\/www.schwarz-gold.de\/blog\/wp-json\/wp\/v2\/posts\/3562\/revisions"}],"predecessor-version":[{"id":3563,"href":"https:\/\/www.schwarz-gold.de\/blog\/wp-json\/wp\/v2\/posts\/3562\/revisions\/3563"}],"wp:featuredmedia":[{"embeddable":true,"href":"https:\/\/www.schwarz-gold.de\/blog\/wp-json\/wp\/v2\/media\/3560"}],"wp:attachment":[{"href":"https:\/\/www.schwarz-gold.de\/blog\/wp-json\/wp\/v2\/media?parent=3562"}],"wp:term":[{"taxonomy":"category","embeddable":true,"href":"https:\/\/www.schwarz-gold.de\/blog\/wp-json\/wp\/v2\/categories?post=3562"},{"taxonomy":"post_tag","embeddable":true,"href":"https:\/\/www.schwarz-gold.de\/blog\/wp-json\/wp\/v2\/tags?post=3562"}],"curies":[{"name":"wp","href":"https:\/\/api.w.org\/{rel}","templated":true}]}}