{"id":3379,"date":"2024-04-23T10:59:47","date_gmt":"2024-04-23T08:59:47","guid":{"rendered":"https:\/\/schwarz-gold.de\/blog\/?p=3379"},"modified":"2024-04-23T10:59:47","modified_gmt":"2024-04-23T08:59:47","slug":"aschaffenburg-tanzt-2024-top-platzierungen-der-schwarz-gold-paare-beim-heimturnier","status":"publish","type":"post","link":"https:\/\/www.schwarz-gold.de\/blog\/aschaffenburg-tanzt-2024-top-platzierungen-der-schwarz-gold-paare-beim-heimturnier\/","title":{"rendered":"Aschaffenburg tanzt 2024 &#8211; Top-Platzierungen der Schwarz-Gold Paare beim Heimturnier"},"content":{"rendered":"\n<p>Das am 21.04.2024 vom TSC Schwarz-Gold ausgerichtete Standardturnier \u201eAschaffenburg tanzt\u201c ist f\u00fcr die Schwarz-Gold Paare sehr erfolgreich zu Ende gegangen.<\/p>\n\n\n\n<p>Gegen Paare aus ganz Deutschland haben alle \u201eTSCler\u201c ihre jeweilige Finalrunde erreicht und Top-Platzierungen erzielt.<\/p>\n\n\n\n<p>Tanja und Alexander Wolf waren sogar zweimal am Start und haben in der Startklasse Masters I D Standard den 6. und in der Masters II D Standard den 5. Platz belegt. Bei den Masters I D Standard gewannen Roland Mainka und Renate Kron vom Schwarz-Silber Frankfurt und bei den Master II D Standard Stefan Neubrand und Melanie Elke Kulla von den Tanz-Sport-Athleten Schwarz-Gelb Rottweil.<\/p>\n\n\n\n<p>In der Startklasse Master I B Standard kamen Inga Preu\u00df und Matthias Kretz auf den 3. Platz und gewannen die Bronzemedaille. Gewonnen haben Stephan Sch\u00f6nenberger und Yvonne Tauber vom Maintaler TSC Blau-Wei\u00df.<\/p>\n\n\n\n<div class=\"wp-block-media-text alignwide is-stacked-on-mobile\"><figure class=\"wp-block-media-text__media\"><img loading=\"lazy\" decoding=\"async\" width=\"583\" height=\"1024\" data-attachment-id=\"3377\" data-permalink=\"https:\/\/www.schwarz-gold.de\/blog\/lea-und-stefan-burow\/\" data-orig-file=\"https:\/\/www.schwarz-gold.de\/blog\/wp-content\/uploads\/2024\/04\/Lea-und-Stefan-Burow-scaled.jpg\" data-orig-size=\"1457,2560\" data-comments-opened=\"0\" data-image-meta=\"{&quot;aperture&quot;:&quot;1.6&quot;,&quot;credit&quot;:&quot;&quot;,&quot;camera&quot;:&quot;iPhone 13&quot;,&quot;caption&quot;:&quot;&quot;,&quot;created_timestamp&quot;:&quot;1713707881&quot;,&quot;copyright&quot;:&quot;&quot;,&quot;focal_length&quot;:&quot;5.1&quot;,&quot;iso&quot;:&quot;100&quot;,&quot;shutter_speed&quot;:&quot;0.02&quot;,&quot;title&quot;:&quot;&quot;,&quot;orientation&quot;:&quot;1&quot;}\" data-image-title=\"Lea und Stefan Burow\" data-image-description=\"\" data-image-caption=\"&lt;p&gt;Lea und Stefan Burow&lt;\/p&gt;\n\" data-medium-file=\"https:\/\/www.schwarz-gold.de\/blog\/wp-content\/uploads\/2024\/04\/Lea-und-Stefan-Burow-171x300.jpg\" data-large-file=\"https:\/\/www.schwarz-gold.de\/blog\/wp-content\/uploads\/2024\/04\/Lea-und-Stefan-Burow-583x1024.jpg\" src=\"https:\/\/schwarz-gold.de\/blog\/wp-content\/uploads\/2024\/04\/Lea-und-Stefan-Burow-583x1024.jpg\" alt=\"\" class=\"wp-image-3377 size-full\" srcset=\"https:\/\/www.schwarz-gold.de\/blog\/wp-content\/uploads\/2024\/04\/Lea-und-Stefan-Burow-583x1024.jpg 583w, https:\/\/www.schwarz-gold.de\/blog\/wp-content\/uploads\/2024\/04\/Lea-und-Stefan-Burow-171x300.jpg 171w, https:\/\/www.schwarz-gold.de\/blog\/wp-content\/uploads\/2024\/04\/Lea-und-Stefan-Burow-85x150.jpg 85w, https:\/\/www.schwarz-gold.de\/blog\/wp-content\/uploads\/2024\/04\/Lea-und-Stefan-Burow-768x1350.jpg 768w, https:\/\/www.schwarz-gold.de\/blog\/wp-content\/uploads\/2024\/04\/Lea-und-Stefan-Burow-874x1536.jpg 874w, https:\/\/www.schwarz-gold.de\/blog\/wp-content\/uploads\/2024\/04\/Lea-und-Stefan-Burow-1165x2048.jpg 1165w, https:\/\/www.schwarz-gold.de\/blog\/wp-content\/uploads\/2024\/04\/Lea-und-Stefan-Burow-705x1239.jpg 705w, https:\/\/www.schwarz-gold.de\/blog\/wp-content\/uploads\/2024\/04\/Lea-und-Stefan-Burow-scaled.jpg 1457w\" sizes=\"auto, (max-width: 583px) 100vw, 583px\" \/><\/figure><div class=\"wp-block-media-text__content\">\n<p>Bei ihrem allerersten Start in der zweith\u00f6chsten deutschen Startklasse kamen Lea und Stefan Burow bei den Masters II A Standard auf einen hervorragenden 2. Platz und gewannen somit die Silbermedaille.<\/p>\n<\/div><\/div>\n\n\n\n<p>Der 1. Platz und damit die Goldmedaille ging an Thomas Breitenbach und Annette Breitenbach vom TSC Main-Kinzig-Schwarz-Gold Hanau.<\/p>\n\n\n\n<div class=\"wp-block-media-text alignwide is-stacked-on-mobile\"><figure class=\"wp-block-media-text__media\"><img loading=\"lazy\" decoding=\"async\" width=\"486\" height=\"1024\" data-attachment-id=\"3376\" data-permalink=\"https:\/\/www.schwarz-gold.de\/blog\/ivana-und-christoph-gutsfeld\/\" data-orig-file=\"https:\/\/www.schwarz-gold.de\/blog\/wp-content\/uploads\/2024\/04\/Ivana-und-Christoph-Gutsfeld-scaled.jpg\" data-orig-size=\"1215,2560\" data-comments-opened=\"0\" data-image-meta=\"{&quot;aperture&quot;:&quot;1.6&quot;,&quot;credit&quot;:&quot;&quot;,&quot;camera&quot;:&quot;iPhone 13&quot;,&quot;caption&quot;:&quot;&quot;,&quot;created_timestamp&quot;:&quot;1713708087&quot;,&quot;copyright&quot;:&quot;&quot;,&quot;focal_length&quot;:&quot;5.1&quot;,&quot;iso&quot;:&quot;125&quot;,&quot;shutter_speed&quot;:&quot;0.02&quot;,&quot;title&quot;:&quot;&quot;,&quot;orientation&quot;:&quot;1&quot;}\" data-image-title=\"Ivana und Christoph Gutsfeld\" data-image-description=\"\" data-image-caption=\"\" data-medium-file=\"https:\/\/www.schwarz-gold.de\/blog\/wp-content\/uploads\/2024\/04\/Ivana-und-Christoph-Gutsfeld-142x300.jpg\" data-large-file=\"https:\/\/www.schwarz-gold.de\/blog\/wp-content\/uploads\/2024\/04\/Ivana-und-Christoph-Gutsfeld-486x1024.jpg\" src=\"https:\/\/schwarz-gold.de\/blog\/wp-content\/uploads\/2024\/04\/Ivana-und-Christoph-Gutsfeld-486x1024.jpg\" alt=\"\" class=\"wp-image-3376 size-full\" srcset=\"https:\/\/www.schwarz-gold.de\/blog\/wp-content\/uploads\/2024\/04\/Ivana-und-Christoph-Gutsfeld-486x1024.jpg 486w, https:\/\/www.schwarz-gold.de\/blog\/wp-content\/uploads\/2024\/04\/Ivana-und-Christoph-Gutsfeld-142x300.jpg 142w, https:\/\/www.schwarz-gold.de\/blog\/wp-content\/uploads\/2024\/04\/Ivana-und-Christoph-Gutsfeld-71x150.jpg 71w, https:\/\/www.schwarz-gold.de\/blog\/wp-content\/uploads\/2024\/04\/Ivana-und-Christoph-Gutsfeld-768x1619.jpg 768w, https:\/\/www.schwarz-gold.de\/blog\/wp-content\/uploads\/2024\/04\/Ivana-und-Christoph-Gutsfeld-729x1536.jpg 729w, https:\/\/www.schwarz-gold.de\/blog\/wp-content\/uploads\/2024\/04\/Ivana-und-Christoph-Gutsfeld-972x2048.jpg 972w, https:\/\/www.schwarz-gold.de\/blog\/wp-content\/uploads\/2024\/04\/Ivana-und-Christoph-Gutsfeld-705x1486.jpg 705w, https:\/\/www.schwarz-gold.de\/blog\/wp-content\/uploads\/2024\/04\/Ivana-und-Christoph-Gutsfeld-scaled.jpg 1215w\" sizes=\"auto, (max-width: 486px) 100vw, 486px\" \/><\/figure><div class=\"wp-block-media-text__content\">\n<p>Besonders erfolgreich waren Ivana und Christoph Gutsfeld, die mit Bestwertung, also allen 25 \u201eEinsern\u201c, die Goldmedaille bei den Masters II B Standard gewannen und damit ganz oben auf dem Treppchen standen.<\/p>\n<\/div><\/div>\n\n\n\n<div class=\"wp-block-media-text alignwide is-stacked-on-mobile\"><figure class=\"wp-block-media-text__media\"><img loading=\"lazy\" decoding=\"async\" width=\"473\" height=\"1024\" data-attachment-id=\"3378\" data-permalink=\"https:\/\/www.schwarz-gold.de\/blog\/melanie-und-martin-deininger\/\" data-orig-file=\"https:\/\/www.schwarz-gold.de\/blog\/wp-content\/uploads\/2024\/04\/Melanie-und-Martin-Deininger-scaled.jpg\" data-orig-size=\"1182,2560\" data-comments-opened=\"0\" data-image-meta=\"{&quot;aperture&quot;:&quot;1.6&quot;,&quot;credit&quot;:&quot;&quot;,&quot;camera&quot;:&quot;iPhone 13&quot;,&quot;caption&quot;:&quot;&quot;,&quot;created_timestamp&quot;:&quot;1713709868&quot;,&quot;copyright&quot;:&quot;&quot;,&quot;focal_length&quot;:&quot;5.1&quot;,&quot;iso&quot;:&quot;125&quot;,&quot;shutter_speed&quot;:&quot;0.02&quot;,&quot;title&quot;:&quot;&quot;,&quot;orientation&quot;:&quot;1&quot;}\" data-image-title=\"Melanie und Martin Deininger\" data-image-description=\"\" data-image-caption=\"\" data-medium-file=\"https:\/\/www.schwarz-gold.de\/blog\/wp-content\/uploads\/2024\/04\/Melanie-und-Martin-Deininger-139x300.jpg\" data-large-file=\"https:\/\/www.schwarz-gold.de\/blog\/wp-content\/uploads\/2024\/04\/Melanie-und-Martin-Deininger-473x1024.jpg\" src=\"https:\/\/schwarz-gold.de\/blog\/wp-content\/uploads\/2024\/04\/Melanie-und-Martin-Deininger-473x1024.jpg\" alt=\"\" class=\"wp-image-3378 size-full\" srcset=\"https:\/\/www.schwarz-gold.de\/blog\/wp-content\/uploads\/2024\/04\/Melanie-und-Martin-Deininger-473x1024.jpg 473w, https:\/\/www.schwarz-gold.de\/blog\/wp-content\/uploads\/2024\/04\/Melanie-und-Martin-Deininger-139x300.jpg 139w, https:\/\/www.schwarz-gold.de\/blog\/wp-content\/uploads\/2024\/04\/Melanie-und-Martin-Deininger-69x150.jpg 69w, https:\/\/www.schwarz-gold.de\/blog\/wp-content\/uploads\/2024\/04\/Melanie-und-Martin-Deininger-768x1663.jpg 768w, https:\/\/www.schwarz-gold.de\/blog\/wp-content\/uploads\/2024\/04\/Melanie-und-Martin-Deininger-709x1536.jpg 709w, https:\/\/www.schwarz-gold.de\/blog\/wp-content\/uploads\/2024\/04\/Melanie-und-Martin-Deininger-946x2048.jpg 946w, https:\/\/www.schwarz-gold.de\/blog\/wp-content\/uploads\/2024\/04\/Melanie-und-Martin-Deininger-705x1527.jpg 705w, https:\/\/www.schwarz-gold.de\/blog\/wp-content\/uploads\/2024\/04\/Melanie-und-Martin-Deininger-scaled.jpg 1182w\" sizes=\"auto, (max-width: 473px) 100vw, 473px\" \/><\/figure><div class=\"wp-block-media-text__content\">\n<p>In der h\u00f6chsten deutschen Startklasse, der Sonderklasse, lieferten sich Melanie und Martin Deininger einen engen Kampf um Platz 1. Sie wurden letztendlich hervorragender 2. und nahmen neben der Silbermedaille auch einen \u201eAschaffenburg tanzt 2024\u201c Pokal mit nach Hause. Sieger des Sonderklassen-Turniers wurden Joachim Grau und Andrea Brigitte Keutschegger-J\u00e4schke vom TSZ Blau-Gold Casino Darmstadt.<\/p>\n<\/div><\/div>\n\n\n\n<p>Wir gratulieren nochmal allen Paaren ganz herzlich zu ihren tollen Erfolgen, die nur mit viel Einsatz und flei\u00dfigem Training m\u00f6glich sind. Die Turnierpaare selbst bedanken sich besonders herzlich beim Organisationsteam f\u00fcr das fantastisch vorbereitete und durchgef\u00fchrte Turnier. \u201eAschaffenburg tanzt 2025\u201c kann kommen!<\/p>\n","protected":false},"excerpt":{"rendered":"<p>Das am 21.04.2024 vom TSC Schwarz-Gold ausgerichtete Standardturnier \u201eAschaffenburg tanzt\u201c ist f\u00fcr die Schwarz-Gold Paare sehr erfolgreich zu Ende gegangen. Gegen Paare aus ganz Deutschland haben alle \u201eTSCler\u201c ihre jeweilige Finalrunde erreicht und Top-Platzierungen erzielt. Tanja und Alexander Wolf waren sogar zweimal am Start und haben in der Startklasse Masters I D Standard den 6. [&hellip;]<\/p>\n","protected":false},"author":4,"featured_media":3376,"comment_status":"closed","ping_status":"open","sticky":true,"template":"","format":"standard","meta":{"_jetpack_memberships_contains_paid_content":false,"footnotes":""},"categories":[1,76,16],"tags":[493,126,345,456,242],"class_list":["post-3379","post","type-post","status-publish","format-standard","has-post-thumbnail","hentry","category-allgemein","category-aschaffenburg-tanzt-turnierergebnisse","category-tanzen","tag-21-04-2024","tag-aschaffenburg-tanzt","tag-burow","tag-gutsfeld","tag-standardturnier"],"jetpack_featured_media_url":"https:\/\/www.schwarz-gold.de\/blog\/wp-content\/uploads\/2024\/04\/Ivana-und-Christoph-Gutsfeld-scaled.jpg","jetpack_shortlink":"https:\/\/wp.me\/p8bS6P-Sv","jetpack_sharing_enabled":true,"_links":{"self":[{"href":"https:\/\/www.schwarz-gold.de\/blog\/wp-json\/wp\/v2\/posts\/3379","targetHints":{"allow":["GET"]}}],"collection":[{"href":"https:\/\/www.schwarz-gold.de\/blog\/wp-json\/wp\/v2\/posts"}],"about":[{"href":"https:\/\/www.schwarz-gold.de\/blog\/wp-json\/wp\/v2\/types\/post"}],"author":[{"embeddable":true,"href":"https:\/\/www.schwarz-gold.de\/blog\/wp-json\/wp\/v2\/users\/4"}],"replies":[{"embeddable":true,"href":"https:\/\/www.schwarz-gold.de\/blog\/wp-json\/wp\/v2\/comments?post=3379"}],"version-history":[{"count":2,"href":"https:\/\/www.schwarz-gold.de\/blog\/wp-json\/wp\/v2\/posts\/3379\/revisions"}],"predecessor-version":[{"id":3381,"href":"https:\/\/www.schwarz-gold.de\/blog\/wp-json\/wp\/v2\/posts\/3379\/revisions\/3381"}],"wp:featuredmedia":[{"embeddable":true,"href":"https:\/\/www.schwarz-gold.de\/blog\/wp-json\/wp\/v2\/media\/3376"}],"wp:attachment":[{"href":"https:\/\/www.schwarz-gold.de\/blog\/wp-json\/wp\/v2\/media?parent=3379"}],"wp:term":[{"taxonomy":"category","embeddable":true,"href":"https:\/\/www.schwarz-gold.de\/blog\/wp-json\/wp\/v2\/categories?post=3379"},{"taxonomy":"post_tag","embeddable":true,"href":"https:\/\/www.schwarz-gold.de\/blog\/wp-json\/wp\/v2\/tags?post=3379"}],"curies":[{"name":"wp","href":"https:\/\/api.w.org\/{rel}","templated":true}]}}