{"id":3045,"date":"2021-07-27T10:56:10","date_gmt":"2021-07-27T08:56:10","guid":{"rendered":"https:\/\/schwarz-gold.de\/blog\/?p=3045"},"modified":"2021-08-12T15:30:16","modified_gmt":"2021-08-12T13:30:16","slug":"hessische-landesmeisterschaften-am-15-august-2021-in-aschaffenburg","status":"publish","type":"post","link":"https:\/\/www.schwarz-gold.de\/blog\/hessische-landesmeisterschaften-am-15-august-2021-in-aschaffenburg\/","title":{"rendered":"Hessische Landesmeisterschaften am 15. August 2021  in Aschaffenburg !"},"content":{"rendered":"\n<p>Der TSC Schwarz-Gold ist stolz, die Landesmeisterschaften der Senioren I und II D bis S auszurichten. <\/p>\n\n\n\n<p>Startzeiten Hessische Landesmeisterschaft der Senioren 15.08.2021:<\/p>\n\n\n\n<p>Senioren I D&nbsp;&nbsp;&nbsp;&nbsp;&nbsp;&nbsp;&nbsp;&nbsp;&nbsp; 12.00<\/p>\n\n\n\n<p>Senioren II D &nbsp;&nbsp;&nbsp;&nbsp;&nbsp;&nbsp;&nbsp; 12.45<\/p>\n\n\n\n<p>Senioren I C&nbsp;&nbsp;&nbsp;&nbsp;&nbsp;&nbsp;&nbsp;&nbsp;&nbsp; 13.15&nbsp;&nbsp;&nbsp;&nbsp;&nbsp;&nbsp;&nbsp;&nbsp;&nbsp;&nbsp;&nbsp;<\/p>\n\n\n\n<p>Senioren II C&nbsp;&nbsp;&nbsp;&nbsp;&nbsp;&nbsp;&nbsp;&nbsp; 13.45<\/p>\n\n\n\n<p>Senioren II B&nbsp;&nbsp;&nbsp;&nbsp;&nbsp;&nbsp;&nbsp;&nbsp; 14.30<\/p>\n\n\n\n<p>Senioren II A&nbsp;&nbsp;&nbsp;&nbsp;&nbsp;&nbsp;&nbsp;&nbsp; 15.15<\/p>\n\n\n\n<p>Senioren I A&nbsp;&nbsp;&nbsp;&nbsp;&nbsp;&nbsp;&nbsp;&nbsp;&nbsp; 16.00<\/p>\n\n\n\n<p>Senioren I S&nbsp;&nbsp;&nbsp;&nbsp;&nbsp;&nbsp;&nbsp;&nbsp;&nbsp; 16.00<\/p>\n\n\n\n<p>Senioren II S &nbsp;&nbsp;&nbsp;&nbsp;&nbsp;&nbsp;&nbsp; 16.30<\/p>\n\n\n\n<p>Die LM der Sen I B muss mangels Startmeldungen entfallen.<\/p>\n\n\n\n<p>Die LM der SenI I A\/ Sen I S-Standard wird als Kombination durchgef\u00fchrt.<\/p>\n\n\n\n<p>Mit tanzsportlichen Gr\u00fc\u00dfen <br>Thomas Fischer Pr\u00e4sident<\/p>\n\n\n\n<p><br><\/p>\n","protected":false},"excerpt":{"rendered":"<p>Der TSC Schwarz-Gold ist stolz, die Landesmeisterschaften der Senioren I und II D bis S auszurichten. Startzeiten Hessische Landesmeisterschaft der Senioren 15.08.2021: Senioren I D&nbsp;&nbsp;&nbsp;&nbsp;&nbsp;&nbsp;&nbsp;&nbsp;&nbsp; 12.00 Senioren II D &nbsp;&nbsp;&nbsp;&nbsp;&nbsp;&nbsp;&nbsp; 12.45 Senioren I C&nbsp;&nbsp;&nbsp;&nbsp;&nbsp;&nbsp;&nbsp;&nbsp;&nbsp; 13.15&nbsp;&nbsp;&nbsp;&nbsp;&nbsp;&nbsp;&nbsp;&nbsp;&nbsp;&nbsp;&nbsp; Senioren II C&nbsp;&nbsp;&nbsp;&nbsp;&nbsp;&nbsp;&nbsp;&nbsp; 13.45 Senioren II B&nbsp;&nbsp;&nbsp;&nbsp;&nbsp;&nbsp;&nbsp;&nbsp; 14.30 Senioren II A&nbsp;&nbsp;&nbsp;&nbsp;&nbsp;&nbsp;&nbsp;&nbsp; 15.15 Senioren I A&nbsp;&nbsp;&nbsp;&nbsp;&nbsp;&nbsp;&nbsp;&nbsp;&nbsp; 16.00 Senioren I S&nbsp;&nbsp;&nbsp;&nbsp;&nbsp;&nbsp;&nbsp;&nbsp;&nbsp; 16.00 [&hellip;]<\/p>\n","protected":false},"author":4,"featured_media":0,"comment_status":"closed","ping_status":"open","sticky":true,"template":"","format":"standard","meta":{"_jetpack_memberships_contains_paid_content":false,"footnotes":""},"categories":[8],"tags":[427],"class_list":["post-3045","post","type-post","status-publish","format-standard","hentry","category-veranstaltungen","tag-15-08-2021"],"jetpack_featured_media_url":"","jetpack_shortlink":"https:\/\/wp.me\/p8bS6P-N7","jetpack_sharing_enabled":true,"_links":{"self":[{"href":"https:\/\/www.schwarz-gold.de\/blog\/wp-json\/wp\/v2\/posts\/3045","targetHints":{"allow":["GET"]}}],"collection":[{"href":"https:\/\/www.schwarz-gold.de\/blog\/wp-json\/wp\/v2\/posts"}],"about":[{"href":"https:\/\/www.schwarz-gold.de\/blog\/wp-json\/wp\/v2\/types\/post"}],"author":[{"embeddable":true,"href":"https:\/\/www.schwarz-gold.de\/blog\/wp-json\/wp\/v2\/users\/4"}],"replies":[{"embeddable":true,"href":"https:\/\/www.schwarz-gold.de\/blog\/wp-json\/wp\/v2\/comments?post=3045"}],"version-history":[{"count":4,"href":"https:\/\/www.schwarz-gold.de\/blog\/wp-json\/wp\/v2\/posts\/3045\/revisions"}],"predecessor-version":[{"id":3051,"href":"https:\/\/www.schwarz-gold.de\/blog\/wp-json\/wp\/v2\/posts\/3045\/revisions\/3051"}],"wp:attachment":[{"href":"https:\/\/www.schwarz-gold.de\/blog\/wp-json\/wp\/v2\/media?parent=3045"}],"wp:term":[{"taxonomy":"category","embeddable":true,"href":"https:\/\/www.schwarz-gold.de\/blog\/wp-json\/wp\/v2\/categories?post=3045"},{"taxonomy":"post_tag","embeddable":true,"href":"https:\/\/www.schwarz-gold.de\/blog\/wp-json\/wp\/v2\/tags?post=3045"}],"curies":[{"name":"wp","href":"https:\/\/api.w.org\/{rel}","templated":true}]}}