{"id":3036,"date":"2021-06-28T17:38:50","date_gmt":"2021-06-28T15:38:50","guid":{"rendered":"https:\/\/schwarz-gold.de\/blog\/?p=3036"},"modified":"2021-06-28T17:43:54","modified_gmt":"2021-06-28T15:43:54","slug":"aschaffenburg-tanzt-wieder","status":"publish","type":"post","link":"https:\/\/www.schwarz-gold.de\/blog\/aschaffenburg-tanzt-wieder\/","title":{"rendered":"Aschaffenburg tanzt &#8211; wieder!"},"content":{"rendered":"\n<p>Nach achtmonatigem Stillstand des Tanzsports im Bundesgebiet, richtete der TSC Schwarz-Gold Aschaffenburg e.V. am vergangenen Wochenende die ersten Tanzsportturniere in Deutschland aus.<br>Der Pr\u00e4sident des TSC Schwarz-Gold Aschaffenburg, Thomas Fischer, hatte in hervorragender Zusammenarbeit mit dem Ordnungsamt Aschaffenburg ein Konzept, frei von unn\u00f6tigen Einschr\u00e4nkungen, erstellt. Dieses erm\u00f6glichte den 120 &#8211; aus dem ganzen Bundesgebiet angereisten Tanzpaaren und den zugelassenen Zuschauern &#8211; ein zwangloses und freudvolles Tanzsportfest. Diese honorierten den Mut und die Arbeit des Aschaffenburger Vereins mit stehenden Ovationen.<br><br>Am ersten Turniertag tanzten die besten Paare der h\u00f6chsten Seniorenklasse ein deutschlandweites Qualifikationsturnier. Die Aschaffenburger Lokalmatadoren, Thomas Fischer &amp; Doris Willenbruch, ertanzten sich mit ihrem musikalisch und dennoch dynamischen Tanzstil den 3. Platz unter 21 Paaren. Es gewann das Ehepaar Rainer &amp; Astrid Quenzel vom TSC Hannover.<br><br>Am zweiten Turniertag, dem Sonntag, sorgten f\u00fcnf weitere Schwarz-Gold Paare f\u00fcr Furore:<br>In der Senioren III D ertanzten sich Ulrich &amp; Jutta Bruder den 2. Platz unter 21 Paaren. Es gewannen Michael &amp; Martina Strubert aus Wuppertal.<br>In der Senioren II D erreichten alle drei Aschaffenburger Paare das Finale der besten 6 von insgesamt 16 Paaren. die Tanzsportneulinge Christoph Gutsfeld &amp; Ivana Hitkova erreichten einen hervorragenden 6. Platz. Den 3. Platz erreichten Ulrich &amp; Jutta Bruder. Es gewannen souver\u00e4n das Aschaffenburger Paar Markus &amp; Frauke Euler.<br>Auch in der Senioren II C Klasse war Aschaffenburg nicht zu besiegen. Stefan &amp; Lea Burow gewannen durch ihren dynamischen Tanzstil; der 3. Platz ging an Markus &amp; Frauke Euler.<br>In der abschlie\u00dfenden Senioren II A Klasse rundeten Sven Niedner &amp; Julia Frangipani das hervorragende Aschaffenburger Ergebnis mit einem 2. Platz unter 23 Paaren ab. Hier gewannen Rainer &amp; Manuela Martius aus Frankfurt.<\/p>\n\n\n\n<figure class=\"wp-block-image size-large\"><img loading=\"lazy\" decoding=\"async\" width=\"683\" height=\"1024\" data-attachment-id=\"3026\" data-permalink=\"https:\/\/www.schwarz-gold.de\/blog\/thomas-fischer-u-doris-willenbruch-2019-ostsee-2\/\" data-orig-file=\"https:\/\/www.schwarz-gold.de\/blog\/wp-content\/uploads\/2021\/06\/Thomas-Fischer-u.-Doris-Willenbruch-2019-Ostsee-scaled.jpg\" data-orig-size=\"1707,2560\" data-comments-opened=\"0\" data-image-meta=\"{&quot;aperture&quot;:&quot;6.3&quot;,&quot;credit&quot;:&quot;&quot;,&quot;camera&quot;:&quot;NIKON D7200&quot;,&quot;caption&quot;:&quot;&quot;,&quot;created_timestamp&quot;:&quot;1555760150&quot;,&quot;copyright&quot;:&quot;&quot;,&quot;focal_length&quot;:&quot;40&quot;,&quot;iso&quot;:&quot;4000&quot;,&quot;shutter_speed&quot;:&quot;0.005&quot;,&quot;title&quot;:&quot;&quot;,&quot;orientation&quot;:&quot;1&quot;}\" data-image-title=\"Thomas Fischer u. Doris Willenbruch 2019 (Ostsee)\" data-image-description=\"\" data-image-caption=\"&lt;p&gt;Thomas Fischer u. Doris Willenbruch (3. Platz Sen. IV S)&lt;\/p&gt;\n\" data-medium-file=\"https:\/\/www.schwarz-gold.de\/blog\/wp-content\/uploads\/2021\/06\/Thomas-Fischer-u.-Doris-Willenbruch-2019-Ostsee-200x300.jpg\" data-large-file=\"https:\/\/www.schwarz-gold.de\/blog\/wp-content\/uploads\/2021\/06\/Thomas-Fischer-u.-Doris-Willenbruch-2019-Ostsee-683x1024.jpg\" src=\"https:\/\/schwarz-gold.de\/blog\/wp-content\/uploads\/2021\/06\/Thomas-Fischer-u.-Doris-Willenbruch-2019-Ostsee-683x1024.jpg\" alt=\"\" class=\"wp-image-3026\" srcset=\"https:\/\/www.schwarz-gold.de\/blog\/wp-content\/uploads\/2021\/06\/Thomas-Fischer-u.-Doris-Willenbruch-2019-Ostsee-683x1024.jpg 683w, https:\/\/www.schwarz-gold.de\/blog\/wp-content\/uploads\/2021\/06\/Thomas-Fischer-u.-Doris-Willenbruch-2019-Ostsee-200x300.jpg 200w, https:\/\/www.schwarz-gold.de\/blog\/wp-content\/uploads\/2021\/06\/Thomas-Fischer-u.-Doris-Willenbruch-2019-Ostsee-100x150.jpg 100w, https:\/\/www.schwarz-gold.de\/blog\/wp-content\/uploads\/2021\/06\/Thomas-Fischer-u.-Doris-Willenbruch-2019-Ostsee-768x1152.jpg 768w, https:\/\/www.schwarz-gold.de\/blog\/wp-content\/uploads\/2021\/06\/Thomas-Fischer-u.-Doris-Willenbruch-2019-Ostsee-1024x1536.jpg 1024w, https:\/\/www.schwarz-gold.de\/blog\/wp-content\/uploads\/2021\/06\/Thomas-Fischer-u.-Doris-Willenbruch-2019-Ostsee-1365x2048.jpg 1365w, https:\/\/www.schwarz-gold.de\/blog\/wp-content\/uploads\/2021\/06\/Thomas-Fischer-u.-Doris-Willenbruch-2019-Ostsee-705x1058.jpg 705w, https:\/\/www.schwarz-gold.de\/blog\/wp-content\/uploads\/2021\/06\/Thomas-Fischer-u.-Doris-Willenbruch-2019-Ostsee-scaled.jpg 1707w\" sizes=\"auto, (max-width: 683px) 100vw, 683px\" \/><figcaption>Thomas Fischer u. Doris Willenbruch (3. Platz Sen. IV S)<\/figcaption><\/figure>\n\n\n\n<figure class=\"wp-block-image size-large\"><img loading=\"lazy\" decoding=\"async\" width=\"683\" height=\"1024\" data-attachment-id=\"3028\" data-permalink=\"https:\/\/www.schwarz-gold.de\/blog\/lea-u-stefan-burow-2021\/\" data-orig-file=\"https:\/\/www.schwarz-gold.de\/blog\/wp-content\/uploads\/2021\/06\/Lea-u.-Stefan-Burow-2021-scaled.jpg\" data-orig-size=\"1707,2560\" data-comments-opened=\"0\" data-image-meta=\"{&quot;aperture&quot;:&quot;0&quot;,&quot;credit&quot;:&quot;&quot;,&quot;camera&quot;:&quot;&quot;,&quot;caption&quot;:&quot;&quot;,&quot;created_timestamp&quot;:&quot;0&quot;,&quot;copyright&quot;:&quot;&quot;,&quot;focal_length&quot;:&quot;0&quot;,&quot;iso&quot;:&quot;0&quot;,&quot;shutter_speed&quot;:&quot;0&quot;,&quot;title&quot;:&quot;&quot;,&quot;orientation&quot;:&quot;0&quot;}\" data-image-title=\"Lea u. Stefan Burow 2021\" data-image-description=\"\" data-image-caption=\"&lt;p&gt;Lea u. Stefan Burow (1. Platz Sen. II C)&lt;\/p&gt;\n\" data-medium-file=\"https:\/\/www.schwarz-gold.de\/blog\/wp-content\/uploads\/2021\/06\/Lea-u.-Stefan-Burow-2021-200x300.jpg\" data-large-file=\"https:\/\/www.schwarz-gold.de\/blog\/wp-content\/uploads\/2021\/06\/Lea-u.-Stefan-Burow-2021-683x1024.jpg\" src=\"https:\/\/schwarz-gold.de\/blog\/wp-content\/uploads\/2021\/06\/Lea-u.-Stefan-Burow-2021-683x1024.jpg\" alt=\"\" class=\"wp-image-3028\" srcset=\"https:\/\/www.schwarz-gold.de\/blog\/wp-content\/uploads\/2021\/06\/Lea-u.-Stefan-Burow-2021-683x1024.jpg 683w, https:\/\/www.schwarz-gold.de\/blog\/wp-content\/uploads\/2021\/06\/Lea-u.-Stefan-Burow-2021-200x300.jpg 200w, https:\/\/www.schwarz-gold.de\/blog\/wp-content\/uploads\/2021\/06\/Lea-u.-Stefan-Burow-2021-100x150.jpg 100w, https:\/\/www.schwarz-gold.de\/blog\/wp-content\/uploads\/2021\/06\/Lea-u.-Stefan-Burow-2021-768x1152.jpg 768w, https:\/\/www.schwarz-gold.de\/blog\/wp-content\/uploads\/2021\/06\/Lea-u.-Stefan-Burow-2021-1024x1536.jpg 1024w, https:\/\/www.schwarz-gold.de\/blog\/wp-content\/uploads\/2021\/06\/Lea-u.-Stefan-Burow-2021-1365x2048.jpg 1365w, https:\/\/www.schwarz-gold.de\/blog\/wp-content\/uploads\/2021\/06\/Lea-u.-Stefan-Burow-2021-705x1058.jpg 705w, https:\/\/www.schwarz-gold.de\/blog\/wp-content\/uploads\/2021\/06\/Lea-u.-Stefan-Burow-2021-scaled.jpg 1707w\" sizes=\"auto, (max-width: 683px) 100vw, 683px\" \/><figcaption>Lea u. Stefan Burow (1. Platz Sen. II C)\n<\/figcaption><\/figure>\n\n\n\n<figure class=\"wp-block-image size-large\"><img loading=\"lazy\" decoding=\"async\" width=\"683\" height=\"1024\" data-attachment-id=\"3027\" data-permalink=\"https:\/\/www.schwarz-gold.de\/blog\/sven-niedner-u-julia-frangipani-st-2021\/\" data-orig-file=\"https:\/\/www.schwarz-gold.de\/blog\/wp-content\/uploads\/2021\/06\/Sven-Niedner-u.-Julia-Frangipani-ST-2021-scaled.jpg\" data-orig-size=\"1707,2560\" data-comments-opened=\"0\" data-image-meta=\"{&quot;aperture&quot;:&quot;0&quot;,&quot;credit&quot;:&quot;&quot;,&quot;camera&quot;:&quot;&quot;,&quot;caption&quot;:&quot;&quot;,&quot;created_timestamp&quot;:&quot;0&quot;,&quot;copyright&quot;:&quot;&quot;,&quot;focal_length&quot;:&quot;0&quot;,&quot;iso&quot;:&quot;0&quot;,&quot;shutter_speed&quot;:&quot;0&quot;,&quot;title&quot;:&quot;&quot;,&quot;orientation&quot;:&quot;0&quot;}\" data-image-title=\"Sven Niedner u. Julia Frangipani ST 2021\" data-image-description=\"\" data-image-caption=\"&lt;p&gt;Sven Niedner u. Julia Frangipani (2. Platz Sen. II A)&lt;\/p&gt;\n\" data-medium-file=\"https:\/\/www.schwarz-gold.de\/blog\/wp-content\/uploads\/2021\/06\/Sven-Niedner-u.-Julia-Frangipani-ST-2021-200x300.jpg\" data-large-file=\"https:\/\/www.schwarz-gold.de\/blog\/wp-content\/uploads\/2021\/06\/Sven-Niedner-u.-Julia-Frangipani-ST-2021-683x1024.jpg\" src=\"https:\/\/schwarz-gold.de\/blog\/wp-content\/uploads\/2021\/06\/Sven-Niedner-u.-Julia-Frangipani-ST-2021-683x1024.jpg\" alt=\"\" class=\"wp-image-3027\" srcset=\"https:\/\/www.schwarz-gold.de\/blog\/wp-content\/uploads\/2021\/06\/Sven-Niedner-u.-Julia-Frangipani-ST-2021-683x1024.jpg 683w, https:\/\/www.schwarz-gold.de\/blog\/wp-content\/uploads\/2021\/06\/Sven-Niedner-u.-Julia-Frangipani-ST-2021-200x300.jpg 200w, https:\/\/www.schwarz-gold.de\/blog\/wp-content\/uploads\/2021\/06\/Sven-Niedner-u.-Julia-Frangipani-ST-2021-100x150.jpg 100w, https:\/\/www.schwarz-gold.de\/blog\/wp-content\/uploads\/2021\/06\/Sven-Niedner-u.-Julia-Frangipani-ST-2021-768x1152.jpg 768w, https:\/\/www.schwarz-gold.de\/blog\/wp-content\/uploads\/2021\/06\/Sven-Niedner-u.-Julia-Frangipani-ST-2021-1024x1536.jpg 1024w, https:\/\/www.schwarz-gold.de\/blog\/wp-content\/uploads\/2021\/06\/Sven-Niedner-u.-Julia-Frangipani-ST-2021-1365x2048.jpg 1365w, https:\/\/www.schwarz-gold.de\/blog\/wp-content\/uploads\/2021\/06\/Sven-Niedner-u.-Julia-Frangipani-ST-2021-705x1057.jpg 705w, https:\/\/www.schwarz-gold.de\/blog\/wp-content\/uploads\/2021\/06\/Sven-Niedner-u.-Julia-Frangipani-ST-2021-scaled.jpg 1707w\" sizes=\"auto, (max-width: 683px) 100vw, 683px\" \/><figcaption>Sven Niedner u. Julia Frangipani (2. Platz Sen. II A)\n\n<\/figcaption><\/figure>\n\n\n\n<p><\/p>\n","protected":false},"excerpt":{"rendered":"<p>Nach achtmonatigem Stillstand des Tanzsports im Bundesgebiet, richtete der TSC Schwarz-Gold Aschaffenburg e.V. am vergangenen Wochenende die ersten Tanzsportturniere in Deutschland aus.Der Pr\u00e4sident des TSC Schwarz-Gold Aschaffenburg, Thomas Fischer, hatte in hervorragender Zusammenarbeit mit dem Ordnungsamt Aschaffenburg ein Konzept, frei von unn\u00f6tigen Einschr\u00e4nkungen, erstellt. Dieses erm\u00f6glichte den 120 &#8211; aus dem ganzen Bundesgebiet angereisten Tanzpaaren [&hellip;]<\/p>\n","protected":false},"author":4,"featured_media":3038,"comment_status":"closed","ping_status":"open","sticky":true,"template":"","format":"standard","meta":{"_jetpack_memberships_contains_paid_content":false,"footnotes":""},"categories":[29,8],"tags":[424,346,345,369,315,376],"class_list":["post-3036","post","type-post","status-publish","format-standard","has-post-thumbnail","hentry","category-aschaffenburg-tanzt","category-veranstaltungen","tag-aschaffenburg-tanzt-2021","tag-bruder","tag-burow","tag-euler","tag-fischer-willenbruch","tag-niedner-und-frangipani"],"jetpack_featured_media_url":"https:\/\/www.schwarz-gold.de\/blog\/wp-content\/uploads\/2021\/06\/27.06.2021-Standard-scaled.jpg","jetpack_shortlink":"https:\/\/wp.me\/p8bS6P-MY","jetpack_sharing_enabled":true,"_links":{"self":[{"href":"https:\/\/www.schwarz-gold.de\/blog\/wp-json\/wp\/v2\/posts\/3036","targetHints":{"allow":["GET"]}}],"collection":[{"href":"https:\/\/www.schwarz-gold.de\/blog\/wp-json\/wp\/v2\/posts"}],"about":[{"href":"https:\/\/www.schwarz-gold.de\/blog\/wp-json\/wp\/v2\/types\/post"}],"author":[{"embeddable":true,"href":"https:\/\/www.schwarz-gold.de\/blog\/wp-json\/wp\/v2\/users\/4"}],"replies":[{"embeddable":true,"href":"https:\/\/www.schwarz-gold.de\/blog\/wp-json\/wp\/v2\/comments?post=3036"}],"version-history":[{"count":1,"href":"https:\/\/www.schwarz-gold.de\/blog\/wp-json\/wp\/v2\/posts\/3036\/revisions"}],"predecessor-version":[{"id":3037,"href":"https:\/\/www.schwarz-gold.de\/blog\/wp-json\/wp\/v2\/posts\/3036\/revisions\/3037"}],"wp:featuredmedia":[{"embeddable":true,"href":"https:\/\/www.schwarz-gold.de\/blog\/wp-json\/wp\/v2\/media\/3038"}],"wp:attachment":[{"href":"https:\/\/www.schwarz-gold.de\/blog\/wp-json\/wp\/v2\/media?parent=3036"}],"wp:term":[{"taxonomy":"category","embeddable":true,"href":"https:\/\/www.schwarz-gold.de\/blog\/wp-json\/wp\/v2\/categories?post=3036"},{"taxonomy":"post_tag","embeddable":true,"href":"https:\/\/www.schwarz-gold.de\/blog\/wp-json\/wp\/v2\/tags?post=3036"}],"curies":[{"name":"wp","href":"https:\/\/api.w.org\/{rel}","templated":true}]}}