{"id":3008,"date":"2021-06-02T11:31:00","date_gmt":"2021-06-02T09:31:00","guid":{"rendered":"https:\/\/schwarz-gold.de\/blog\/?p=3008"},"modified":"2021-06-02T11:31:00","modified_gmt":"2021-06-02T09:31:00","slug":"schwarz-gold-tanzt-wieder-ab-7-juni","status":"publish","type":"post","link":"https:\/\/www.schwarz-gold.de\/blog\/schwarz-gold-tanzt-wieder-ab-7-juni\/","title":{"rendered":"Schwarz-Gold tanzt wieder ab 7. Juni"},"content":{"rendered":"\n<p><\/p>\n\n\n\n<p>Nach weiteren Lockerungen der Corona-Ma\u00dfnahmen kann der TSC Schwarz-Gold Aschaffenburg seine Tore ab Montag, dem 7.6.21 f\u00fcr seine Mitglieder wieder \u00f6ffnen.<\/p>\n\n\n\n<p>Die Vorstandschaft und alle Trainer sind sehr erleichtert und freuen sich auf Euch.<\/p>\n\n\n\n<p>Mit tanzsportlichen Gr\u00fc\u00dfen<\/p>\n\n\n\n<p>Thomas Fischer<\/p>\n\n\n\n<p>Pr\u00e4sident<\/p>\n","protected":false},"excerpt":{"rendered":"<p>Nach weiteren Lockerungen der Corona-Ma\u00dfnahmen kann der TSC Schwarz-Gold Aschaffenburg seine Tore ab Montag, dem 7.6.21 f\u00fcr seine Mitglieder wieder \u00f6ffnen. Die Vorstandschaft und alle Trainer sind sehr erleichtert und freuen sich auf Euch. Mit tanzsportlichen Gr\u00fc\u00dfen Thomas Fischer Pr\u00e4sident<\/p>\n","protected":false},"author":4,"featured_media":0,"comment_status":"closed","ping_status":"open","sticky":true,"template":"","format":"standard","meta":{"_jetpack_memberships_contains_paid_content":false,"footnotes":""},"categories":[1,10],"tags":[],"class_list":["post-3008","post","type-post","status-publish","format-standard","hentry","category-allgemein","category-tanzschule"],"jetpack_featured_media_url":"","jetpack_shortlink":"https:\/\/wp.me\/p8bS6P-Mw","jetpack_sharing_enabled":true,"_links":{"self":[{"href":"https:\/\/www.schwarz-gold.de\/blog\/wp-json\/wp\/v2\/posts\/3008","targetHints":{"allow":["GET"]}}],"collection":[{"href":"https:\/\/www.schwarz-gold.de\/blog\/wp-json\/wp\/v2\/posts"}],"about":[{"href":"https:\/\/www.schwarz-gold.de\/blog\/wp-json\/wp\/v2\/types\/post"}],"author":[{"embeddable":true,"href":"https:\/\/www.schwarz-gold.de\/blog\/wp-json\/wp\/v2\/users\/4"}],"replies":[{"embeddable":true,"href":"https:\/\/www.schwarz-gold.de\/blog\/wp-json\/wp\/v2\/comments?post=3008"}],"version-history":[{"count":1,"href":"https:\/\/www.schwarz-gold.de\/blog\/wp-json\/wp\/v2\/posts\/3008\/revisions"}],"predecessor-version":[{"id":3009,"href":"https:\/\/www.schwarz-gold.de\/blog\/wp-json\/wp\/v2\/posts\/3008\/revisions\/3009"}],"wp:attachment":[{"href":"https:\/\/www.schwarz-gold.de\/blog\/wp-json\/wp\/v2\/media?parent=3008"}],"wp:term":[{"taxonomy":"category","embeddable":true,"href":"https:\/\/www.schwarz-gold.de\/blog\/wp-json\/wp\/v2\/categories?post=3008"},{"taxonomy":"post_tag","embeddable":true,"href":"https:\/\/www.schwarz-gold.de\/blog\/wp-json\/wp\/v2\/tags?post=3008"}],"curies":[{"name":"wp","href":"https:\/\/api.w.org\/{rel}","templated":true}]}}