{"id":2701,"date":"2020-05-07T13:27:49","date_gmt":"2020-05-07T11:27:49","guid":{"rendered":"https:\/\/schwarz-gold.de\/blog\/?p=2701"},"modified":"2020-06-02T11:46:08","modified_gmt":"2020-06-02T09:46:08","slug":"vereinsraeume-weiterhin-geschlossen","status":"publish","type":"post","link":"https:\/\/www.schwarz-gold.de\/blog\/vereinsraeume-weiterhin-geschlossen\/","title":{"rendered":"Vereinsr\u00e4ume weiterhin geschlossen!"},"content":{"rendered":"\n<p>Liebe Mitglieder, liebe Tanzsch\u00fcler,<\/p>\n\n\n\n<p>in Nordrhein-Westfalen \u00f6ffnen die Sportvereine ab dem 30. Mai 2020. Wir <br>gehen davon aus, dass wir in Bayern evtl. ab 14.06. wieder tanzen <br>k\u00f6nnen. Wir werden euch an dieser Stelle auf dem Laufenden halten.<br><\/p>\n\n\n\n<p>Eure Vorstandschaft<br> <\/p>\n","protected":false},"excerpt":{"rendered":"<p>Liebe Mitglieder, liebe Tanzsch\u00fcler, in Nordrhein-Westfalen \u00f6ffnen die Sportvereine ab dem 30. Mai 2020. Wir gehen davon aus, dass wir in Bayern evtl. ab 14.06. wieder tanzen k\u00f6nnen. Wir werden euch an dieser Stelle auf dem Laufenden halten. Eure Vorstandschaft<\/p>\n","protected":false},"author":4,"featured_media":2663,"comment_status":"closed","ping_status":"open","sticky":false,"template":"","format":"standard","meta":{"_jetpack_memberships_contains_paid_content":false,"footnotes":""},"categories":[1,9],"tags":[],"class_list":["post-2701","post","type-post","status-publish","format-standard","has-post-thumbnail","hentry","category-allgemein","category-vereinsleben"],"jetpack_featured_media_url":"https:\/\/www.schwarz-gold.de\/blog\/wp-content\/uploads\/2020\/03\/Ausrufezeichen.jpg","jetpack_shortlink":"https:\/\/wp.me\/p8bS6P-Hz","jetpack_sharing_enabled":true,"_links":{"self":[{"href":"https:\/\/www.schwarz-gold.de\/blog\/wp-json\/wp\/v2\/posts\/2701","targetHints":{"allow":["GET"]}}],"collection":[{"href":"https:\/\/www.schwarz-gold.de\/blog\/wp-json\/wp\/v2\/posts"}],"about":[{"href":"https:\/\/www.schwarz-gold.de\/blog\/wp-json\/wp\/v2\/types\/post"}],"author":[{"embeddable":true,"href":"https:\/\/www.schwarz-gold.de\/blog\/wp-json\/wp\/v2\/users\/4"}],"replies":[{"embeddable":true,"href":"https:\/\/www.schwarz-gold.de\/blog\/wp-json\/wp\/v2\/comments?post=2701"}],"version-history":[{"count":1,"href":"https:\/\/www.schwarz-gold.de\/blog\/wp-json\/wp\/v2\/posts\/2701\/revisions"}],"predecessor-version":[{"id":2702,"href":"https:\/\/www.schwarz-gold.de\/blog\/wp-json\/wp\/v2\/posts\/2701\/revisions\/2702"}],"wp:featuredmedia":[{"embeddable":true,"href":"https:\/\/www.schwarz-gold.de\/blog\/wp-json\/wp\/v2\/media\/2663"}],"wp:attachment":[{"href":"https:\/\/www.schwarz-gold.de\/blog\/wp-json\/wp\/v2\/media?parent=2701"}],"wp:term":[{"taxonomy":"category","embeddable":true,"href":"https:\/\/www.schwarz-gold.de\/blog\/wp-json\/wp\/v2\/categories?post=2701"},{"taxonomy":"post_tag","embeddable":true,"href":"https:\/\/www.schwarz-gold.de\/blog\/wp-json\/wp\/v2\/tags?post=2701"}],"curies":[{"name":"wp","href":"https:\/\/api.w.org\/{rel}","templated":true}]}}