{"id":1870,"date":"2018-02-18T22:26:25","date_gmt":"2018-02-18T20:26:25","guid":{"rendered":"http:\/\/schwarz-gold.de\/blog\/?p=1870"},"modified":"2018-05-07T22:35:55","modified_gmt":"2018-05-07T20:35:55","slug":"timo-kulczak-jetzt-a-trainer","status":"publish","type":"post","link":"https:\/\/www.schwarz-gold.de\/blog\/timo-kulczak-jetzt-a-trainer\/","title":{"rendered":"Timo Kulczak jetzt A-Trainer"},"content":{"rendered":"<p><img loading=\"lazy\" decoding=\"async\" data-attachment-id=\"1869\" data-permalink=\"https:\/\/www.schwarz-gold.de\/blog\/timo-kulczak-jetzt-a-trainer\/timo-kulczak1\/\" data-orig-file=\"https:\/\/www.schwarz-gold.de\/blog\/wp-content\/uploads\/2018\/03\/Timo-Kulczak1.jpg\" data-orig-size=\"105,151\" data-comments-opened=\"0\" data-image-meta=\"{&quot;aperture&quot;:&quot;0&quot;,&quot;credit&quot;:&quot;&quot;,&quot;camera&quot;:&quot;&quot;,&quot;caption&quot;:&quot;&quot;,&quot;created_timestamp&quot;:&quot;0&quot;,&quot;copyright&quot;:&quot;&quot;,&quot;focal_length&quot;:&quot;0&quot;,&quot;iso&quot;:&quot;0&quot;,&quot;shutter_speed&quot;:&quot;0&quot;,&quot;title&quot;:&quot;&quot;,&quot;orientation&quot;:&quot;0&quot;}\" data-image-title=\"Timo Kulczak\" data-image-description=\"\" data-image-caption=\"\" data-medium-file=\"https:\/\/www.schwarz-gold.de\/blog\/wp-content\/uploads\/2018\/03\/Timo-Kulczak1.jpg\" data-large-file=\"https:\/\/www.schwarz-gold.de\/blog\/wp-content\/uploads\/2018\/03\/Timo-Kulczak1.jpg\" class=\"size-full wp-image-1869 alignleft\" src=\"http:\/\/schwarz-gold.de\/blog\/wp-content\/uploads\/2018\/03\/Timo-Kulczak1.jpg\" alt=\"\" width=\"105\" height=\"151\" srcset=\"https:\/\/www.schwarz-gold.de\/blog\/wp-content\/uploads\/2018\/03\/Timo-Kulczak1.jpg 105w, https:\/\/www.schwarz-gold.de\/blog\/wp-content\/uploads\/2018\/03\/Timo-Kulczak1-104x150.jpg 104w\" sizes=\"auto, (max-width: 105px) 100vw, 105px\" \/>Wir gratulieren unserem langj\u00e4hrigen Trainer Timo Kulczak zur bestandenen Trainer-A-Pr\u00fcfung.<\/p>\n<p>Herzlichen Gl\u00fcckwunsch, das ist eine tolle Leistung!<\/p>\n","protected":false},"excerpt":{"rendered":"<p>Wir gratulieren unserem langj\u00e4hrigen Trainer Timo Kulczak zur bestandenen Trainer-A-Pr\u00fcfung. Herzlichen Gl\u00fcckwunsch, das ist eine tolle Leistung!<\/p>\n","protected":false},"author":4,"featured_media":1869,"comment_status":"closed","ping_status":"open","sticky":false,"template":"","format":"standard","meta":{"_jetpack_memberships_contains_paid_content":false,"footnotes":""},"categories":[1,10,15,9],"tags":[258,257],"class_list":["post-1870","post","type-post","status-publish","format-standard","has-post-thumbnail","hentry","category-allgemein","category-tanzschule","category-team","category-vereinsleben","tag-a-trainer","tag-timo-kulczak"],"jetpack_featured_media_url":"https:\/\/www.schwarz-gold.de\/blog\/wp-content\/uploads\/2018\/03\/Timo-Kulczak1.jpg","jetpack_shortlink":"https:\/\/wp.me\/p8bS6P-ua","jetpack_sharing_enabled":true,"_links":{"self":[{"href":"https:\/\/www.schwarz-gold.de\/blog\/wp-json\/wp\/v2\/posts\/1870","targetHints":{"allow":["GET"]}}],"collection":[{"href":"https:\/\/www.schwarz-gold.de\/blog\/wp-json\/wp\/v2\/posts"}],"about":[{"href":"https:\/\/www.schwarz-gold.de\/blog\/wp-json\/wp\/v2\/types\/post"}],"author":[{"embeddable":true,"href":"https:\/\/www.schwarz-gold.de\/blog\/wp-json\/wp\/v2\/users\/4"}],"replies":[{"embeddable":true,"href":"https:\/\/www.schwarz-gold.de\/blog\/wp-json\/wp\/v2\/comments?post=1870"}],"version-history":[{"count":1,"href":"https:\/\/www.schwarz-gold.de\/blog\/wp-json\/wp\/v2\/posts\/1870\/revisions"}],"predecessor-version":[{"id":1871,"href":"https:\/\/www.schwarz-gold.de\/blog\/wp-json\/wp\/v2\/posts\/1870\/revisions\/1871"}],"wp:featuredmedia":[{"embeddable":true,"href":"https:\/\/www.schwarz-gold.de\/blog\/wp-json\/wp\/v2\/media\/1869"}],"wp:attachment":[{"href":"https:\/\/www.schwarz-gold.de\/blog\/wp-json\/wp\/v2\/media?parent=1870"}],"wp:term":[{"taxonomy":"category","embeddable":true,"href":"https:\/\/www.schwarz-gold.de\/blog\/wp-json\/wp\/v2\/categories?post=1870"},{"taxonomy":"post_tag","embeddable":true,"href":"https:\/\/www.schwarz-gold.de\/blog\/wp-json\/wp\/v2\/tags?post=1870"}],"curies":[{"name":"wp","href":"https:\/\/api.w.org\/{rel}","templated":true}]}}