{"id":1832,"date":"2018-02-22T19:09:08","date_gmt":"2018-02-22T17:09:08","guid":{"rendered":"http:\/\/schwarz-gold.de\/blog\/?p=1832"},"modified":"2018-05-07T22:35:17","modified_gmt":"2018-05-07T20:35:17","slug":"frauenkleiderbasar-am-28-04-2018","status":"publish","type":"post","link":"https:\/\/www.schwarz-gold.de\/blog\/frauenkleiderbasar-am-28-04-2018\/","title":{"rendered":"Frauenkleiderbasar am 28.04.2018"},"content":{"rendered":"<p><img loading=\"lazy\" decoding=\"async\" data-attachment-id=\"1854\" data-permalink=\"https:\/\/www.schwarz-gold.de\/blog\/frauenkleiderbasar-am-28-04-2018\/frauenkleiderbasar_2018\/\" data-orig-file=\"https:\/\/www.schwarz-gold.de\/blog\/wp-content\/uploads\/2018\/02\/Frauenkleiderbasar_2018.jpg\" data-orig-size=\"780,807\" data-comments-opened=\"0\" data-image-meta=\"{&quot;aperture&quot;:&quot;0&quot;,&quot;credit&quot;:&quot;&quot;,&quot;camera&quot;:&quot;&quot;,&quot;caption&quot;:&quot;&quot;,&quot;created_timestamp&quot;:&quot;0&quot;,&quot;copyright&quot;:&quot;&quot;,&quot;focal_length&quot;:&quot;0&quot;,&quot;iso&quot;:&quot;0&quot;,&quot;shutter_speed&quot;:&quot;0&quot;,&quot;title&quot;:&quot;&quot;,&quot;orientation&quot;:&quot;0&quot;}\" data-image-title=\"Frauenkleiderbasar_2018\" data-image-description=\"\" data-image-caption=\"\" data-medium-file=\"https:\/\/www.schwarz-gold.de\/blog\/wp-content\/uploads\/2018\/02\/Frauenkleiderbasar_2018-290x300.jpg\" data-large-file=\"https:\/\/www.schwarz-gold.de\/blog\/wp-content\/uploads\/2018\/02\/Frauenkleiderbasar_2018.jpg\" class=\"size-medium wp-image-1854 alignleft\" src=\"http:\/\/schwarz-gold.de\/blog\/wp-content\/uploads\/2018\/02\/Frauenkleiderbasar_2018-290x300.jpg\" alt=\"\" width=\"290\" height=\"300\" srcset=\"https:\/\/www.schwarz-gold.de\/blog\/wp-content\/uploads\/2018\/02\/Frauenkleiderbasar_2018-290x300.jpg 290w, https:\/\/www.schwarz-gold.de\/blog\/wp-content\/uploads\/2018\/02\/Frauenkleiderbasar_2018-145x150.jpg 145w, https:\/\/www.schwarz-gold.de\/blog\/wp-content\/uploads\/2018\/02\/Frauenkleiderbasar_2018-768x795.jpg 768w, https:\/\/www.schwarz-gold.de\/blog\/wp-content\/uploads\/2018\/02\/Frauenkleiderbasar_2018-705x729.jpg 705w, https:\/\/www.schwarz-gold.de\/blog\/wp-content\/uploads\/2018\/02\/Frauenkleiderbasar_2018.jpg 780w\" sizes=\"auto, (max-width: 290px) 100vw, 290px\" \/>Bei uns k\u00f6nnen Sie alles verkaufen, was nicht passt oder nicht mehr gef\u00e4llt.<br \/>\nU.a. Hosen, Kleider, Blusen, R\u00f6cke, Schuhe, Taschen, Schmuck, Abendgarderobe u.v.m.<br \/>\nAufbau f\u00fcr Verk\u00e4ufer ab 12:00 Uhr, Verkauf 14:00 &#8211; 17:00 Uhr.<br \/>\nTischgeb\u00fchr 8,&#8211; \u20ac f\u00fcr Mitglieder, 10,&#8211; \u20ac f\u00fcr Nichtmitglieder<br \/>\nInfos &amp; Reservierung: <a class=\"moz-txt-link-abbreviated\" href=\"https:\/\/deref-web-02.de\/mail\/client\/NDwhj9RgqlI\/dereferrer\/?redirectUrl=http%3A%2F%2Fwww.schwarz-gold.de\" target=\"_blank\" rel=\"noopener\">www.schwarz-gold.de<\/a> oder 06021 27727.<br \/>\nIncl. Kinderbetreuung mit Basteln und Kinderschminken. F\u00fcr Ihr leibliches Wohl wird bestens gesorgt. Wir freuen uns auf Sie!<\/p>\n","protected":false},"excerpt":{"rendered":"<p>Bei uns k\u00f6nnen Sie alles verkaufen, was nicht passt oder nicht mehr gef\u00e4llt. U.a. Hosen, Kleider, Blusen, R\u00f6cke, Schuhe, Taschen, Schmuck, Abendgarderobe u.v.m. Aufbau f\u00fcr Verk\u00e4ufer ab 12:00 Uhr, Verkauf 14:00 &#8211; 17:00 Uhr. Tischgeb\u00fchr 8,&#8211; \u20ac f\u00fcr Mitglieder, 10,&#8211; \u20ac f\u00fcr Nichtmitglieder Infos &amp; Reservierung: www.schwarz-gold.de oder 06021 27727. Incl. Kinderbetreuung mit Basteln und [&hellip;]<\/p>\n","protected":false},"author":4,"featured_media":1854,"comment_status":"closed","ping_status":"open","sticky":false,"template":"","format":"standard","meta":{"_jetpack_memberships_contains_paid_content":false,"footnotes":""},"categories":[231],"tags":[232,33,235,233,234],"class_list":["post-1832","post","type-post","status-publish","format-standard","has-post-thumbnail","hentry","category-frauenkleiderbasar","tag-frauenkleider","tag-kinderbetreuung","tag-schmuck","tag-schuhe","tag-taschen"],"jetpack_featured_media_url":"https:\/\/www.schwarz-gold.de\/blog\/wp-content\/uploads\/2018\/02\/Frauenkleiderbasar_2018.jpg","jetpack_shortlink":"https:\/\/wp.me\/p8bS6P-ty","jetpack_sharing_enabled":true,"_links":{"self":[{"href":"https:\/\/www.schwarz-gold.de\/blog\/wp-json\/wp\/v2\/posts\/1832","targetHints":{"allow":["GET"]}}],"collection":[{"href":"https:\/\/www.schwarz-gold.de\/blog\/wp-json\/wp\/v2\/posts"}],"about":[{"href":"https:\/\/www.schwarz-gold.de\/blog\/wp-json\/wp\/v2\/types\/post"}],"author":[{"embeddable":true,"href":"https:\/\/www.schwarz-gold.de\/blog\/wp-json\/wp\/v2\/users\/4"}],"replies":[{"embeddable":true,"href":"https:\/\/www.schwarz-gold.de\/blog\/wp-json\/wp\/v2\/comments?post=1832"}],"version-history":[{"count":2,"href":"https:\/\/www.schwarz-gold.de\/blog\/wp-json\/wp\/v2\/posts\/1832\/revisions"}],"predecessor-version":[{"id":1866,"href":"https:\/\/www.schwarz-gold.de\/blog\/wp-json\/wp\/v2\/posts\/1832\/revisions\/1866"}],"wp:featuredmedia":[{"embeddable":true,"href":"https:\/\/www.schwarz-gold.de\/blog\/wp-json\/wp\/v2\/media\/1854"}],"wp:attachment":[{"href":"https:\/\/www.schwarz-gold.de\/blog\/wp-json\/wp\/v2\/media?parent=1832"}],"wp:term":[{"taxonomy":"category","embeddable":true,"href":"https:\/\/www.schwarz-gold.de\/blog\/wp-json\/wp\/v2\/categories?post=1832"},{"taxonomy":"post_tag","embeddable":true,"href":"https:\/\/www.schwarz-gold.de\/blog\/wp-json\/wp\/v2\/tags?post=1832"}],"curies":[{"name":"wp","href":"https:\/\/api.w.org\/{rel}","templated":true}]}}