{"id":1581,"date":"2017-08-08T11:37:33","date_gmt":"2017-08-08T09:37:33","guid":{"rendered":"http:\/\/schwarz-gold.de\/blog\/?p=1581"},"modified":"2017-08-16T13:19:57","modified_gmt":"2017-08-16T11:19:57","slug":"toller-saisonabschluss-bei-schwarz-gold","status":"publish","type":"post","link":"https:\/\/www.schwarz-gold.de\/blog\/toller-saisonabschluss-bei-schwarz-gold\/","title":{"rendered":"Toller Saisonabschluss bei Schwarz-Gold"},"content":{"rendered":"<p><img loading=\"lazy\" decoding=\"async\" data-attachment-id=\"1583\" data-permalink=\"https:\/\/www.schwarz-gold.de\/blog\/toller-saisonabschluss-bei-schwarz-gold\/dirndl\/\" data-orig-file=\"https:\/\/www.schwarz-gold.de\/blog\/wp-content\/uploads\/2017\/08\/Dirndl.jpg\" data-orig-size=\"2390,1409\" data-comments-opened=\"0\" data-image-meta=\"{&quot;aperture&quot;:&quot;3.3&quot;,&quot;credit&quot;:&quot;&quot;,&quot;camera&quot;:&quot;DMC-TZ61&quot;,&quot;caption&quot;:&quot;&quot;,&quot;created_timestamp&quot;:&quot;1500758442&quot;,&quot;copyright&quot;:&quot;&quot;,&quot;focal_length&quot;:&quot;4.3&quot;,&quot;iso&quot;:&quot;400&quot;,&quot;shutter_speed&quot;:&quot;0.016666666666667&quot;,&quot;title&quot;:&quot;&quot;,&quot;orientation&quot;:&quot;1&quot;}\" data-image-title=\"Dirndl\" data-image-description=\"\" data-image-caption=\"\" data-medium-file=\"https:\/\/www.schwarz-gold.de\/blog\/wp-content\/uploads\/2017\/08\/Dirndl-300x177.jpg\" data-large-file=\"https:\/\/www.schwarz-gold.de\/blog\/wp-content\/uploads\/2017\/08\/Dirndl-1024x604.jpg\" class=\"size-medium wp-image-1583 alignleft\" src=\"http:\/\/schwarz-gold.de\/blog\/wp-content\/uploads\/2017\/08\/Dirndl-300x177.jpg\" alt=\"\" width=\"300\" height=\"177\" srcset=\"https:\/\/www.schwarz-gold.de\/blog\/wp-content\/uploads\/2017\/08\/Dirndl-300x177.jpg 300w, https:\/\/www.schwarz-gold.de\/blog\/wp-content\/uploads\/2017\/08\/Dirndl-150x88.jpg 150w, https:\/\/www.schwarz-gold.de\/blog\/wp-content\/uploads\/2017\/08\/Dirndl-768x453.jpg 768w, https:\/\/www.schwarz-gold.de\/blog\/wp-content\/uploads\/2017\/08\/Dirndl-1024x604.jpg 1024w, https:\/\/www.schwarz-gold.de\/blog\/wp-content\/uploads\/2017\/08\/Dirndl-705x416.jpg 705w\" sizes=\"auto, (max-width: 300px) 100vw, 300px\" \/>Vor den Sommerferien veranstaltete die Vorstandschaft f\u00fcr ihre Mitglieder eine Tanzparty unter dem Motto &#8222;Bayerischer Abend&#8220;.<br \/>\nSportwart Detlef kredenzte bayerische Schmankerl. Die kulinarische Pallette reichte von Leberk\u00e4s \u00fcber Radi und Fleischpflanzerl bis zu original M\u00fcnchner Wei\u00dfw\u00fcrsten.<img loading=\"lazy\" decoding=\"async\" data-attachment-id=\"1584\" data-permalink=\"https:\/\/www.schwarz-gold.de\/blog\/toller-saisonabschluss-bei-schwarz-gold\/lederhosn\/\" data-orig-file=\"https:\/\/www.schwarz-gold.de\/blog\/wp-content\/uploads\/2017\/08\/Lederhosn.jpg\" data-orig-size=\"2477,1443\" data-comments-opened=\"0\" data-image-meta=\"{&quot;aperture&quot;:&quot;3.6&quot;,&quot;credit&quot;:&quot;&quot;,&quot;camera&quot;:&quot;DMC-TZ61&quot;,&quot;caption&quot;:&quot;&quot;,&quot;created_timestamp&quot;:&quot;1500758540&quot;,&quot;copyright&quot;:&quot;&quot;,&quot;focal_length&quot;:&quot;5.8&quot;,&quot;iso&quot;:&quot;400&quot;,&quot;shutter_speed&quot;:&quot;0.016666666666667&quot;,&quot;title&quot;:&quot;&quot;,&quot;orientation&quot;:&quot;1&quot;}\" data-image-title=\"Lederhosn\" data-image-description=\"\" data-image-caption=\"\" data-medium-file=\"https:\/\/www.schwarz-gold.de\/blog\/wp-content\/uploads\/2017\/08\/Lederhosn-300x175.jpg\" data-large-file=\"https:\/\/www.schwarz-gold.de\/blog\/wp-content\/uploads\/2017\/08\/Lederhosn-1024x597.jpg\" class=\"size-medium wp-image-1584 alignright\" src=\"http:\/\/schwarz-gold.de\/blog\/wp-content\/uploads\/2017\/08\/Lederhosn-300x175.jpg\" alt=\"\" width=\"300\" height=\"175\" srcset=\"https:\/\/www.schwarz-gold.de\/blog\/wp-content\/uploads\/2017\/08\/Lederhosn-300x175.jpg 300w, https:\/\/www.schwarz-gold.de\/blog\/wp-content\/uploads\/2017\/08\/Lederhosn-150x87.jpg 150w, https:\/\/www.schwarz-gold.de\/blog\/wp-content\/uploads\/2017\/08\/Lederhosn-768x447.jpg 768w, https:\/\/www.schwarz-gold.de\/blog\/wp-content\/uploads\/2017\/08\/Lederhosn-1024x597.jpg 1024w, https:\/\/www.schwarz-gold.de\/blog\/wp-content\/uploads\/2017\/08\/Lederhosn-705x411.jpg 705w\" sizes=\"auto, (max-width: 300px) 100vw, 300px\" \/><br \/>\nEtliche Mitglieder passten ihre Kleidung dem Motto an, und flanierten in Dirndl und Lederhosen.<br \/>\nEs wurde bis in die Nacht getanzt nach den Kl\u00e4ngen von DJ Johannes &#8211; die Trainer Isabella und Berk vergn\u00fcgten die 70 T\u00e4nzer mit einem Polka-Workshop.<br \/>\nAlle Mitglieder waren begeistert und freuten sich \u00fcber diesen lustigen und harmonischen Abend.<\/p>\n","protected":false},"excerpt":{"rendered":"<p>Vor den Sommerferien veranstaltete die Vorstandschaft f\u00fcr ihre Mitglieder eine Tanzparty unter dem Motto &#8222;Bayerischer Abend&#8220;. Sportwart Detlef kredenzte bayerische Schmankerl. Die kulinarische Pallette reichte von Leberk\u00e4s \u00fcber Radi und Fleischpflanzerl bis zu original M\u00fcnchner Wei\u00dfw\u00fcrsten. Etliche Mitglieder passten ihre Kleidung dem Motto an, und flanierten in Dirndl und Lederhosen. Es wurde bis in die [&hellip;]<\/p>\n","protected":false},"author":4,"featured_media":1583,"comment_status":"closed","ping_status":"open","sticky":false,"template":"","format":"standard","meta":{"_jetpack_memberships_contains_paid_content":false,"footnotes":""},"categories":[1,9],"tags":[204,205,206,207],"class_list":["post-1581","post","type-post","status-publish","format-standard","has-post-thumbnail","hentry","category-allgemein","category-vereinsleben","tag-bayerischer-abend","tag-dirndl","tag-lederhosen","tag-polka"],"jetpack_featured_media_url":"https:\/\/www.schwarz-gold.de\/blog\/wp-content\/uploads\/2017\/08\/Dirndl.jpg","jetpack_shortlink":"https:\/\/wp.me\/p8bS6P-pv","jetpack_sharing_enabled":true,"_links":{"self":[{"href":"https:\/\/www.schwarz-gold.de\/blog\/wp-json\/wp\/v2\/posts\/1581","targetHints":{"allow":["GET"]}}],"collection":[{"href":"https:\/\/www.schwarz-gold.de\/blog\/wp-json\/wp\/v2\/posts"}],"about":[{"href":"https:\/\/www.schwarz-gold.de\/blog\/wp-json\/wp\/v2\/types\/post"}],"author":[{"embeddable":true,"href":"https:\/\/www.schwarz-gold.de\/blog\/wp-json\/wp\/v2\/users\/4"}],"replies":[{"embeddable":true,"href":"https:\/\/www.schwarz-gold.de\/blog\/wp-json\/wp\/v2\/comments?post=1581"}],"version-history":[{"count":2,"href":"https:\/\/www.schwarz-gold.de\/blog\/wp-json\/wp\/v2\/posts\/1581\/revisions"}],"predecessor-version":[{"id":1585,"href":"https:\/\/www.schwarz-gold.de\/blog\/wp-json\/wp\/v2\/posts\/1581\/revisions\/1585"}],"wp:featuredmedia":[{"embeddable":true,"href":"https:\/\/www.schwarz-gold.de\/blog\/wp-json\/wp\/v2\/media\/1583"}],"wp:attachment":[{"href":"https:\/\/www.schwarz-gold.de\/blog\/wp-json\/wp\/v2\/media?parent=1581"}],"wp:term":[{"taxonomy":"category","embeddable":true,"href":"https:\/\/www.schwarz-gold.de\/blog\/wp-json\/wp\/v2\/categories?post=1581"},{"taxonomy":"post_tag","embeddable":true,"href":"https:\/\/www.schwarz-gold.de\/blog\/wp-json\/wp\/v2\/tags?post=1581"}],"curies":[{"name":"wp","href":"https:\/\/api.w.org\/{rel}","templated":true}]}}