{"id":1506,"date":"2017-04-23T11:47:29","date_gmt":"2017-04-23T09:47:29","guid":{"rendered":"http:\/\/schwarz-gold.de\/blog\/?p=1506"},"modified":"2017-10-21T18:21:02","modified_gmt":"2017-10-21T16:21:02","slug":"alice-im-wunderland-am-14-10-2017","status":"publish","type":"post","link":"https:\/\/www.schwarz-gold.de\/blog\/alice-im-wunderland-am-14-10-2017\/","title":{"rendered":"Alice im Wunderland am 14.10.2017"},"content":{"rendered":"<p><img loading=\"lazy\" decoding=\"async\" data-attachment-id=\"1617\" data-permalink=\"https:\/\/www.schwarz-gold.de\/blog\/alice-im-wunderland-am-14-10-2017\/alice\/\" data-orig-file=\"https:\/\/www.schwarz-gold.de\/blog\/wp-content\/uploads\/2017\/09\/Alice.jpg\" data-orig-size=\"780,832\" data-comments-opened=\"0\" data-image-meta=\"{&quot;aperture&quot;:&quot;0&quot;,&quot;credit&quot;:&quot;&quot;,&quot;camera&quot;:&quot;&quot;,&quot;caption&quot;:&quot;&quot;,&quot;created_timestamp&quot;:&quot;0&quot;,&quot;copyright&quot;:&quot;&quot;,&quot;focal_length&quot;:&quot;0&quot;,&quot;iso&quot;:&quot;0&quot;,&quot;shutter_speed&quot;:&quot;0&quot;,&quot;title&quot;:&quot;&quot;,&quot;orientation&quot;:&quot;0&quot;}\" data-image-title=\"Alice\" data-image-description=\"\" data-image-caption=\"\" data-medium-file=\"https:\/\/www.schwarz-gold.de\/blog\/wp-content\/uploads\/2017\/09\/Alice-281x300.jpg\" data-large-file=\"https:\/\/www.schwarz-gold.de\/blog\/wp-content\/uploads\/2017\/09\/Alice.jpg\" class=\"size-medium wp-image-1617 alignleft\" src=\"http:\/\/schwarz-gold.de\/blog\/wp-content\/uploads\/2017\/09\/Alice-281x300.jpg\" alt=\"\" width=\"281\" height=\"300\" srcset=\"https:\/\/www.schwarz-gold.de\/blog\/wp-content\/uploads\/2017\/09\/Alice-281x300.jpg 281w, https:\/\/www.schwarz-gold.de\/blog\/wp-content\/uploads\/2017\/09\/Alice-141x150.jpg 141w, https:\/\/www.schwarz-gold.de\/blog\/wp-content\/uploads\/2017\/09\/Alice-768x819.jpg 768w, https:\/\/www.schwarz-gold.de\/blog\/wp-content\/uploads\/2017\/09\/Alice-705x752.jpg 705w, https:\/\/www.schwarz-gold.de\/blog\/wp-content\/uploads\/2017\/09\/Alice.jpg 780w\" sizes=\"auto, (max-width: 281px) 100vw, 281px\" \/>Musical unserer Kinder- und Jugendgruppen<br \/>\nSamstag, 14.10.2017 um 17:00 Uhr<br \/>\nSonntag, 15.10.2017 um 11:00 Uhr und 16:00 Uhr<br \/>\nKartenvorverkauf ab Ende Mai 2017 im Stadttheater Aschafffenburg<\/p>\n<p>Tanztheater der Kinder und Jugendgruppen des TSC Schwarz-Gold Aschaffenburg<br \/>\n230 Kinder und Jugendliche des Vereins zeigen ihr t\u00e4nzerisches und schauspielerisches K\u00f6nnen auf der B\u00fchne des Stadttheaters.<\/p>\n<p>Wo: Stadttheater Aschaffenburg<\/p>\n<p>Termine: Samstag, 14.10.2017 um 17:00 Uhr<br \/>\nSonntag, 15.10.2017 um 11:00 Uhr<br \/>\nSonntag, 15.10.2017 um 16:00 Uhr<\/p>\n<p>Preise: Kategorie 1: 15,00 \u20ac (+ 10% Vorverkaufsgeb\u00fchr)<br \/>\nKategorie 2: 13,00 \u20ac (+ 10% Vorverkaufsgeb\u00fchr)<br \/>\nKategorie 3: 11,00 \u20ac (+ 10% Vorverkaufsgeb\u00fchr)<br \/>\nKategorie 4: 10,00 \u20ac (+ 10% Vorverkaufsgeb\u00fchr)<br \/>\nErm\u00e4\u00dfigung f\u00fcr Kinder, Sch\u00fcler usw. 20% (bei Vorlage eines<br \/>\nAusweises!)<br \/>\nVorverkauf der Karten ab 20.05.2017 an der Theaterkasse<br \/>\n(Schlossgasse 8, 63739 Aschaffenburg)<\/p>\n","protected":false},"excerpt":{"rendered":"<p>Musical unserer Kinder- und Jugendgruppen Samstag, 14.10.2017 um 17:00 Uhr Sonntag, 15.10.2017 um 11:00 Uhr und 16:00 Uhr Kartenvorverkauf ab Ende Mai 2017 im Stadttheater Aschafffenburg Tanztheater der Kinder und Jugendgruppen des TSC Schwarz-Gold Aschaffenburg 230 Kinder und Jugendliche des Vereins zeigen ihr t\u00e4nzerisches und schauspielerisches K\u00f6nnen auf der B\u00fchne des Stadttheaters. Wo: Stadttheater Aschaffenburg [&hellip;]<\/p>\n","protected":false},"author":4,"featured_media":1617,"comment_status":"closed","ping_status":"open","sticky":false,"template":"","format":"standard","meta":{"_jetpack_memberships_contains_paid_content":false,"footnotes":""},"categories":[1,8],"tags":[174,176,175],"class_list":["post-1506","post","type-post","status-publish","format-standard","has-post-thumbnail","hentry","category-allgemein","category-veranstaltungen","tag-alice-im-wunderland","tag-kinder-und-jugend","tag-musical"],"jetpack_featured_media_url":"https:\/\/www.schwarz-gold.de\/blog\/wp-content\/uploads\/2017\/09\/Alice.jpg","jetpack_shortlink":"https:\/\/wp.me\/p8bS6P-oi","jetpack_sharing_enabled":true,"_links":{"self":[{"href":"https:\/\/www.schwarz-gold.de\/blog\/wp-json\/wp\/v2\/posts\/1506","targetHints":{"allow":["GET"]}}],"collection":[{"href":"https:\/\/www.schwarz-gold.de\/blog\/wp-json\/wp\/v2\/posts"}],"about":[{"href":"https:\/\/www.schwarz-gold.de\/blog\/wp-json\/wp\/v2\/types\/post"}],"author":[{"embeddable":true,"href":"https:\/\/www.schwarz-gold.de\/blog\/wp-json\/wp\/v2\/users\/4"}],"replies":[{"embeddable":true,"href":"https:\/\/www.schwarz-gold.de\/blog\/wp-json\/wp\/v2\/comments?post=1506"}],"version-history":[{"count":3,"href":"https:\/\/www.schwarz-gold.de\/blog\/wp-json\/wp\/v2\/posts\/1506\/revisions"}],"predecessor-version":[{"id":1618,"href":"https:\/\/www.schwarz-gold.de\/blog\/wp-json\/wp\/v2\/posts\/1506\/revisions\/1618"}],"wp:featuredmedia":[{"embeddable":true,"href":"https:\/\/www.schwarz-gold.de\/blog\/wp-json\/wp\/v2\/media\/1617"}],"wp:attachment":[{"href":"https:\/\/www.schwarz-gold.de\/blog\/wp-json\/wp\/v2\/media?parent=1506"}],"wp:term":[{"taxonomy":"category","embeddable":true,"href":"https:\/\/www.schwarz-gold.de\/blog\/wp-json\/wp\/v2\/categories?post=1506"},{"taxonomy":"post_tag","embeddable":true,"href":"https:\/\/www.schwarz-gold.de\/blog\/wp-json\/wp\/v2\/tags?post=1506"}],"curies":[{"name":"wp","href":"https:\/\/api.w.org\/{rel}","templated":true}]}}