{"id":1181,"date":"2016-08-05T21:28:40","date_gmt":"2016-08-05T19:28:40","guid":{"rendered":"http:\/\/schwarz-gold.de\/blog\/?p=1181"},"modified":"2016-11-19T15:27:46","modified_gmt":"2016-11-19T13:27:46","slug":"aschaffenburger-kinder-tanzen-kinder-ferienfreizeit-sommer-tanzwoche","status":"publish","type":"post","link":"https:\/\/www.schwarz-gold.de\/blog\/aschaffenburger-kinder-tanzen-kinder-ferienfreizeit-sommer-tanzwoche\/","title":{"rendered":"Aschaffenburger Kinder tanzen &#8211; Kinder-Ferienfreizeit Sommer-Tanzwoche!"},"content":{"rendered":"<p><span style=\"font-family: Arial,sans-serif;\"><span style=\"font-size: small;\"><b>Aschaffenburg \u2013 1. bis 5. August. <\/b><\/span><\/span><span style=\"font-family: Arial,sans-serif;\"><span style=\"font-size: small;\">Der TSC Schwarz-Gold Aschaffenburg war auch wieder in diesem Jahr der Anlaufpunkt f\u00fcr Kinder und Jugendliche, die gerne tanzen oder es einfach schon immer ausprobieren wollten.<\/span><\/span><\/p>\n<p><img loading=\"lazy\" decoding=\"async\" data-attachment-id=\"1192\" data-permalink=\"https:\/\/www.schwarz-gold.de\/blog\/aschaffenburger-kinder-tanzen-kinder-ferienfreizeit-sommer-tanzwoche\/2016_ktw_46\/\" data-orig-file=\"https:\/\/www.schwarz-gold.de\/blog\/wp-content\/uploads\/2016\/08\/2016_KTW_46.jpg\" data-orig-size=\"4288,2848\" data-comments-opened=\"0\" data-image-meta=\"{&quot;aperture&quot;:&quot;6.3&quot;,&quot;credit&quot;:&quot;&quot;,&quot;camera&quot;:&quot;NIKON D5000&quot;,&quot;caption&quot;:&quot;&quot;,&quot;created_timestamp&quot;:&quot;1470418936&quot;,&quot;copyright&quot;:&quot;&quot;,&quot;focal_length&quot;:&quot;55&quot;,&quot;iso&quot;:&quot;1000&quot;,&quot;shutter_speed&quot;:&quot;0.01&quot;,&quot;title&quot;:&quot;&quot;,&quot;orientation&quot;:&quot;1&quot;}\" data-image-title=\"2016_KTW_46\" data-image-description=\"\" data-image-caption=\"\" data-medium-file=\"https:\/\/www.schwarz-gold.de\/blog\/wp-content\/uploads\/2016\/08\/2016_KTW_46-300x199.jpg\" data-large-file=\"https:\/\/www.schwarz-gold.de\/blog\/wp-content\/uploads\/2016\/08\/2016_KTW_46-1024x680.jpg\" class=\"alignnone size-medium wp-image-1192\" src=\"http:\/\/schwarz-gold.de\/blog\/wp-content\/uploads\/2016\/08\/2016_KTW_46-300x199.jpg\" alt=\"2016_KTW_46\" width=\"300\" height=\"199\" srcset=\"https:\/\/www.schwarz-gold.de\/blog\/wp-content\/uploads\/2016\/08\/2016_KTW_46-300x199.jpg 300w, https:\/\/www.schwarz-gold.de\/blog\/wp-content\/uploads\/2016\/08\/2016_KTW_46-150x100.jpg 150w, https:\/\/www.schwarz-gold.de\/blog\/wp-content\/uploads\/2016\/08\/2016_KTW_46-768x510.jpg 768w, https:\/\/www.schwarz-gold.de\/blog\/wp-content\/uploads\/2016\/08\/2016_KTW_46-1024x680.jpg 1024w, https:\/\/www.schwarz-gold.de\/blog\/wp-content\/uploads\/2016\/08\/2016_KTW_46-705x468.jpg 705w, https:\/\/www.schwarz-gold.de\/blog\/wp-content\/uploads\/2016\/08\/2016_KTW_46-120x80.jpg 120w\" sizes=\"auto, (max-width: 300px) 100vw, 300px\" \/> <img loading=\"lazy\" decoding=\"async\" data-attachment-id=\"1191\" data-permalink=\"https:\/\/www.schwarz-gold.de\/blog\/aschaffenburger-kinder-tanzen-kinder-ferienfreizeit-sommer-tanzwoche\/2016_ktw_39\/\" data-orig-file=\"https:\/\/www.schwarz-gold.de\/blog\/wp-content\/uploads\/2016\/08\/2016_KTW_39.jpg\" data-orig-size=\"4288,2848\" data-comments-opened=\"0\" data-image-meta=\"{&quot;aperture&quot;:&quot;6.3&quot;,&quot;credit&quot;:&quot;&quot;,&quot;camera&quot;:&quot;NIKON D5000&quot;,&quot;caption&quot;:&quot;&quot;,&quot;created_timestamp&quot;:&quot;1470418562&quot;,&quot;copyright&quot;:&quot;&quot;,&quot;focal_length&quot;:&quot;65&quot;,&quot;iso&quot;:&quot;1000&quot;,&quot;shutter_speed&quot;:&quot;0.016666666666667&quot;,&quot;title&quot;:&quot;&quot;,&quot;orientation&quot;:&quot;1&quot;}\" data-image-title=\"2016_KTW_39\" data-image-description=\"\" data-image-caption=\"\" data-medium-file=\"https:\/\/www.schwarz-gold.de\/blog\/wp-content\/uploads\/2016\/08\/2016_KTW_39-300x199.jpg\" data-large-file=\"https:\/\/www.schwarz-gold.de\/blog\/wp-content\/uploads\/2016\/08\/2016_KTW_39-1024x680.jpg\" class=\"alignnone size-medium wp-image-1191\" src=\"http:\/\/schwarz-gold.de\/blog\/wp-content\/uploads\/2016\/08\/2016_KTW_39-300x199.jpg\" alt=\"2016_KTW_39\" width=\"300\" height=\"199\" srcset=\"https:\/\/www.schwarz-gold.de\/blog\/wp-content\/uploads\/2016\/08\/2016_KTW_39-300x199.jpg 300w, https:\/\/www.schwarz-gold.de\/blog\/wp-content\/uploads\/2016\/08\/2016_KTW_39-150x100.jpg 150w, https:\/\/www.schwarz-gold.de\/blog\/wp-content\/uploads\/2016\/08\/2016_KTW_39-768x510.jpg 768w, https:\/\/www.schwarz-gold.de\/blog\/wp-content\/uploads\/2016\/08\/2016_KTW_39-1024x680.jpg 1024w, https:\/\/www.schwarz-gold.de\/blog\/wp-content\/uploads\/2016\/08\/2016_KTW_39-705x468.jpg 705w, https:\/\/www.schwarz-gold.de\/blog\/wp-content\/uploads\/2016\/08\/2016_KTW_39-120x80.jpg 120w\" sizes=\"auto, (max-width: 300px) 100vw, 300px\" \/> <img loading=\"lazy\" decoding=\"async\" data-attachment-id=\"1190\" data-permalink=\"https:\/\/www.schwarz-gold.de\/blog\/aschaffenburger-kinder-tanzen-kinder-ferienfreizeit-sommer-tanzwoche\/2016_ktw_36\/\" data-orig-file=\"https:\/\/www.schwarz-gold.de\/blog\/wp-content\/uploads\/2016\/08\/2016_KTW_36.jpg\" data-orig-size=\"4288,2848\" data-comments-opened=\"0\" data-image-meta=\"{&quot;aperture&quot;:&quot;6&quot;,&quot;credit&quot;:&quot;&quot;,&quot;camera&quot;:&quot;NIKON D5000&quot;,&quot;caption&quot;:&quot;&quot;,&quot;created_timestamp&quot;:&quot;1470418489&quot;,&quot;copyright&quot;:&quot;&quot;,&quot;focal_length&quot;:&quot;110&quot;,&quot;iso&quot;:&quot;1000&quot;,&quot;shutter_speed&quot;:&quot;0.016666666666667&quot;,&quot;title&quot;:&quot;&quot;,&quot;orientation&quot;:&quot;1&quot;}\" data-image-title=\"2016_KTW_36\" data-image-description=\"\" data-image-caption=\"\" data-medium-file=\"https:\/\/www.schwarz-gold.de\/blog\/wp-content\/uploads\/2016\/08\/2016_KTW_36-300x199.jpg\" data-large-file=\"https:\/\/www.schwarz-gold.de\/blog\/wp-content\/uploads\/2016\/08\/2016_KTW_36-1024x680.jpg\" class=\"alignnone size-medium wp-image-1190\" src=\"http:\/\/schwarz-gold.de\/blog\/wp-content\/uploads\/2016\/08\/2016_KTW_36-300x199.jpg\" alt=\"2016_KTW_36\" width=\"300\" height=\"199\" srcset=\"https:\/\/www.schwarz-gold.de\/blog\/wp-content\/uploads\/2016\/08\/2016_KTW_36-300x199.jpg 300w, https:\/\/www.schwarz-gold.de\/blog\/wp-content\/uploads\/2016\/08\/2016_KTW_36-150x100.jpg 150w, https:\/\/www.schwarz-gold.de\/blog\/wp-content\/uploads\/2016\/08\/2016_KTW_36-768x510.jpg 768w, https:\/\/www.schwarz-gold.de\/blog\/wp-content\/uploads\/2016\/08\/2016_KTW_36-1024x680.jpg 1024w, https:\/\/www.schwarz-gold.de\/blog\/wp-content\/uploads\/2016\/08\/2016_KTW_36-705x468.jpg 705w, https:\/\/www.schwarz-gold.de\/blog\/wp-content\/uploads\/2016\/08\/2016_KTW_36-120x80.jpg 120w\" sizes=\"auto, (max-width: 300px) 100vw, 300px\" \/> <img loading=\"lazy\" decoding=\"async\" data-attachment-id=\"1189\" data-permalink=\"https:\/\/www.schwarz-gold.de\/blog\/aschaffenburger-kinder-tanzen-kinder-ferienfreizeit-sommer-tanzwoche\/2016_ktw_25\/\" data-orig-file=\"https:\/\/www.schwarz-gold.de\/blog\/wp-content\/uploads\/2016\/08\/2016_KTW_25.jpg\" data-orig-size=\"4288,2848\" data-comments-opened=\"0\" data-image-meta=\"{&quot;aperture&quot;:&quot;6.3&quot;,&quot;credit&quot;:&quot;&quot;,&quot;camera&quot;:&quot;NIKON D5000&quot;,&quot;caption&quot;:&quot;&quot;,&quot;created_timestamp&quot;:&quot;1470418226&quot;,&quot;copyright&quot;:&quot;&quot;,&quot;focal_length&quot;:&quot;38&quot;,&quot;iso&quot;:&quot;1000&quot;,&quot;shutter_speed&quot;:&quot;0.016666666666667&quot;,&quot;title&quot;:&quot;&quot;,&quot;orientation&quot;:&quot;1&quot;}\" data-image-title=\"2016_KTW_25\" data-image-description=\"\" data-image-caption=\"\" data-medium-file=\"https:\/\/www.schwarz-gold.de\/blog\/wp-content\/uploads\/2016\/08\/2016_KTW_25-300x199.jpg\" data-large-file=\"https:\/\/www.schwarz-gold.de\/blog\/wp-content\/uploads\/2016\/08\/2016_KTW_25-1024x680.jpg\" class=\"alignnone size-medium wp-image-1189\" src=\"http:\/\/schwarz-gold.de\/blog\/wp-content\/uploads\/2016\/08\/2016_KTW_25-300x199.jpg\" alt=\"2016_KTW_25\" width=\"300\" height=\"199\" srcset=\"https:\/\/www.schwarz-gold.de\/blog\/wp-content\/uploads\/2016\/08\/2016_KTW_25-300x199.jpg 300w, https:\/\/www.schwarz-gold.de\/blog\/wp-content\/uploads\/2016\/08\/2016_KTW_25-150x100.jpg 150w, https:\/\/www.schwarz-gold.de\/blog\/wp-content\/uploads\/2016\/08\/2016_KTW_25-768x510.jpg 768w, https:\/\/www.schwarz-gold.de\/blog\/wp-content\/uploads\/2016\/08\/2016_KTW_25-1024x680.jpg 1024w, https:\/\/www.schwarz-gold.de\/blog\/wp-content\/uploads\/2016\/08\/2016_KTW_25-705x468.jpg 705w, https:\/\/www.schwarz-gold.de\/blog\/wp-content\/uploads\/2016\/08\/2016_KTW_25-120x80.jpg 120w\" sizes=\"auto, (max-width: 300px) 100vw, 300px\" \/> <img loading=\"lazy\" decoding=\"async\" data-attachment-id=\"1188\" data-permalink=\"https:\/\/www.schwarz-gold.de\/blog\/aschaffenburger-kinder-tanzen-kinder-ferienfreizeit-sommer-tanzwoche\/2016_ktw_21\/\" data-orig-file=\"https:\/\/www.schwarz-gold.de\/blog\/wp-content\/uploads\/2016\/08\/2016_KTW_21.jpg\" data-orig-size=\"4288,2848\" data-comments-opened=\"0\" data-image-meta=\"{&quot;aperture&quot;:&quot;6.3&quot;,&quot;credit&quot;:&quot;&quot;,&quot;camera&quot;:&quot;NIKON D5000&quot;,&quot;caption&quot;:&quot;&quot;,&quot;created_timestamp&quot;:&quot;1470418185&quot;,&quot;copyright&quot;:&quot;&quot;,&quot;focal_length&quot;:&quot;50&quot;,&quot;iso&quot;:&quot;1000&quot;,&quot;shutter_speed&quot;:&quot;0.01&quot;,&quot;title&quot;:&quot;&quot;,&quot;orientation&quot;:&quot;1&quot;}\" data-image-title=\"2016_KTW_21\" data-image-description=\"\" data-image-caption=\"\" data-medium-file=\"https:\/\/www.schwarz-gold.de\/blog\/wp-content\/uploads\/2016\/08\/2016_KTW_21-300x199.jpg\" data-large-file=\"https:\/\/www.schwarz-gold.de\/blog\/wp-content\/uploads\/2016\/08\/2016_KTW_21-1024x680.jpg\" class=\"alignnone size-medium wp-image-1188\" src=\"http:\/\/schwarz-gold.de\/blog\/wp-content\/uploads\/2016\/08\/2016_KTW_21-300x199.jpg\" alt=\"2016_KTW_21\" width=\"300\" height=\"199\" srcset=\"https:\/\/www.schwarz-gold.de\/blog\/wp-content\/uploads\/2016\/08\/2016_KTW_21-300x199.jpg 300w, https:\/\/www.schwarz-gold.de\/blog\/wp-content\/uploads\/2016\/08\/2016_KTW_21-150x100.jpg 150w, https:\/\/www.schwarz-gold.de\/blog\/wp-content\/uploads\/2016\/08\/2016_KTW_21-768x510.jpg 768w, https:\/\/www.schwarz-gold.de\/blog\/wp-content\/uploads\/2016\/08\/2016_KTW_21-1024x680.jpg 1024w, https:\/\/www.schwarz-gold.de\/blog\/wp-content\/uploads\/2016\/08\/2016_KTW_21-705x468.jpg 705w, https:\/\/www.schwarz-gold.de\/blog\/wp-content\/uploads\/2016\/08\/2016_KTW_21-120x80.jpg 120w\" sizes=\"auto, (max-width: 300px) 100vw, 300px\" \/> <img loading=\"lazy\" decoding=\"async\" data-attachment-id=\"1187\" data-permalink=\"https:\/\/www.schwarz-gold.de\/blog\/aschaffenburger-kinder-tanzen-kinder-ferienfreizeit-sommer-tanzwoche\/2016_ktw_12\/\" data-orig-file=\"https:\/\/www.schwarz-gold.de\/blog\/wp-content\/uploads\/2016\/08\/2016_KTW_12.jpg\" data-orig-size=\"4288,2848\" data-comments-opened=\"0\" data-image-meta=\"{&quot;aperture&quot;:&quot;6.3&quot;,&quot;credit&quot;:&quot;&quot;,&quot;camera&quot;:&quot;NIKON D5000&quot;,&quot;caption&quot;:&quot;&quot;,&quot;created_timestamp&quot;:&quot;1470417548&quot;,&quot;copyright&quot;:&quot;&quot;,&quot;focal_length&quot;:&quot;85&quot;,&quot;iso&quot;:&quot;1000&quot;,&quot;shutter_speed&quot;:&quot;0.016666666666667&quot;,&quot;title&quot;:&quot;&quot;,&quot;orientation&quot;:&quot;1&quot;}\" data-image-title=\"2016_KTW_12\" data-image-description=\"\" data-image-caption=\"\" data-medium-file=\"https:\/\/www.schwarz-gold.de\/blog\/wp-content\/uploads\/2016\/08\/2016_KTW_12-300x199.jpg\" data-large-file=\"https:\/\/www.schwarz-gold.de\/blog\/wp-content\/uploads\/2016\/08\/2016_KTW_12-1024x680.jpg\" class=\"alignnone size-medium wp-image-1187\" src=\"http:\/\/schwarz-gold.de\/blog\/wp-content\/uploads\/2016\/08\/2016_KTW_12-300x199.jpg\" alt=\"2016_KTW_12\" width=\"300\" height=\"199\" srcset=\"https:\/\/www.schwarz-gold.de\/blog\/wp-content\/uploads\/2016\/08\/2016_KTW_12-300x199.jpg 300w, https:\/\/www.schwarz-gold.de\/blog\/wp-content\/uploads\/2016\/08\/2016_KTW_12-150x100.jpg 150w, https:\/\/www.schwarz-gold.de\/blog\/wp-content\/uploads\/2016\/08\/2016_KTW_12-768x510.jpg 768w, https:\/\/www.schwarz-gold.de\/blog\/wp-content\/uploads\/2016\/08\/2016_KTW_12-1024x680.jpg 1024w, https:\/\/www.schwarz-gold.de\/blog\/wp-content\/uploads\/2016\/08\/2016_KTW_12-705x468.jpg 705w, https:\/\/www.schwarz-gold.de\/blog\/wp-content\/uploads\/2016\/08\/2016_KTW_12-120x80.jpg 120w\" sizes=\"auto, (max-width: 300px) 100vw, 300px\" \/> <img loading=\"lazy\" decoding=\"async\" data-attachment-id=\"1186\" data-permalink=\"https:\/\/www.schwarz-gold.de\/blog\/aschaffenburger-kinder-tanzen-kinder-ferienfreizeit-sommer-tanzwoche\/2016_ktw_11\/\" data-orig-file=\"https:\/\/www.schwarz-gold.de\/blog\/wp-content\/uploads\/2016\/08\/2016_KTW_11.jpg\" data-orig-size=\"4288,2848\" data-comments-opened=\"0\" data-image-meta=\"{&quot;aperture&quot;:&quot;6.3&quot;,&quot;credit&quot;:&quot;&quot;,&quot;camera&quot;:&quot;NIKON D5000&quot;,&quot;caption&quot;:&quot;&quot;,&quot;created_timestamp&quot;:&quot;1470417504&quot;,&quot;copyright&quot;:&quot;&quot;,&quot;focal_length&quot;:&quot;78&quot;,&quot;iso&quot;:&quot;1000&quot;,&quot;shutter_speed&quot;:&quot;0.016666666666667&quot;,&quot;title&quot;:&quot;&quot;,&quot;orientation&quot;:&quot;1&quot;}\" data-image-title=\"2016_KTW_11\" data-image-description=\"\" data-image-caption=\"\" data-medium-file=\"https:\/\/www.schwarz-gold.de\/blog\/wp-content\/uploads\/2016\/08\/2016_KTW_11-300x199.jpg\" data-large-file=\"https:\/\/www.schwarz-gold.de\/blog\/wp-content\/uploads\/2016\/08\/2016_KTW_11-1024x680.jpg\" class=\"alignnone size-medium wp-image-1186\" src=\"http:\/\/schwarz-gold.de\/blog\/wp-content\/uploads\/2016\/08\/2016_KTW_11-300x199.jpg\" alt=\"2016_KTW_11\" width=\"300\" height=\"199\" srcset=\"https:\/\/www.schwarz-gold.de\/blog\/wp-content\/uploads\/2016\/08\/2016_KTW_11-300x199.jpg 300w, https:\/\/www.schwarz-gold.de\/blog\/wp-content\/uploads\/2016\/08\/2016_KTW_11-150x100.jpg 150w, https:\/\/www.schwarz-gold.de\/blog\/wp-content\/uploads\/2016\/08\/2016_KTW_11-768x510.jpg 768w, https:\/\/www.schwarz-gold.de\/blog\/wp-content\/uploads\/2016\/08\/2016_KTW_11-1024x680.jpg 1024w, https:\/\/www.schwarz-gold.de\/blog\/wp-content\/uploads\/2016\/08\/2016_KTW_11-705x468.jpg 705w, https:\/\/www.schwarz-gold.de\/blog\/wp-content\/uploads\/2016\/08\/2016_KTW_11-120x80.jpg 120w\" sizes=\"auto, (max-width: 300px) 100vw, 300px\" \/> <img loading=\"lazy\" decoding=\"async\" data-attachment-id=\"1185\" data-permalink=\"https:\/\/www.schwarz-gold.de\/blog\/aschaffenburger-kinder-tanzen-kinder-ferienfreizeit-sommer-tanzwoche\/2016_ktw_09\/\" data-orig-file=\"https:\/\/www.schwarz-gold.de\/blog\/wp-content\/uploads\/2016\/08\/2016_KTW_09.jpg\" data-orig-size=\"4288,2848\" data-comments-opened=\"0\" data-image-meta=\"{&quot;aperture&quot;:&quot;6.3&quot;,&quot;credit&quot;:&quot;&quot;,&quot;camera&quot;:&quot;NIKON D5000&quot;,&quot;caption&quot;:&quot;&quot;,&quot;created_timestamp&quot;:&quot;1470417450&quot;,&quot;copyright&quot;:&quot;&quot;,&quot;focal_length&quot;:&quot;38&quot;,&quot;iso&quot;:&quot;1000&quot;,&quot;shutter_speed&quot;:&quot;0.0125&quot;,&quot;title&quot;:&quot;&quot;,&quot;orientation&quot;:&quot;1&quot;}\" data-image-title=\"2016_KTW_09\" data-image-description=\"\" data-image-caption=\"\" data-medium-file=\"https:\/\/www.schwarz-gold.de\/blog\/wp-content\/uploads\/2016\/08\/2016_KTW_09-300x199.jpg\" data-large-file=\"https:\/\/www.schwarz-gold.de\/blog\/wp-content\/uploads\/2016\/08\/2016_KTW_09-1024x680.jpg\" class=\"alignnone size-medium wp-image-1185\" src=\"http:\/\/schwarz-gold.de\/blog\/wp-content\/uploads\/2016\/08\/2016_KTW_09-300x199.jpg\" alt=\"2016_KTW_09\" width=\"300\" height=\"199\" srcset=\"https:\/\/www.schwarz-gold.de\/blog\/wp-content\/uploads\/2016\/08\/2016_KTW_09-300x199.jpg 300w, https:\/\/www.schwarz-gold.de\/blog\/wp-content\/uploads\/2016\/08\/2016_KTW_09-150x100.jpg 150w, https:\/\/www.schwarz-gold.de\/blog\/wp-content\/uploads\/2016\/08\/2016_KTW_09-768x510.jpg 768w, https:\/\/www.schwarz-gold.de\/blog\/wp-content\/uploads\/2016\/08\/2016_KTW_09-1024x680.jpg 1024w, https:\/\/www.schwarz-gold.de\/blog\/wp-content\/uploads\/2016\/08\/2016_KTW_09-705x468.jpg 705w, https:\/\/www.schwarz-gold.de\/blog\/wp-content\/uploads\/2016\/08\/2016_KTW_09-120x80.jpg 120w\" sizes=\"auto, (max-width: 300px) 100vw, 300px\" \/> <img loading=\"lazy\" decoding=\"async\" data-attachment-id=\"1184\" data-permalink=\"https:\/\/www.schwarz-gold.de\/blog\/aschaffenburger-kinder-tanzen-kinder-ferienfreizeit-sommer-tanzwoche\/2016_ktw_07\/\" data-orig-file=\"https:\/\/www.schwarz-gold.de\/blog\/wp-content\/uploads\/2016\/08\/2016_KTW_07.jpg\" data-orig-size=\"4288,2848\" data-comments-opened=\"0\" data-image-meta=\"{&quot;aperture&quot;:&quot;6.3&quot;,&quot;credit&quot;:&quot;&quot;,&quot;camera&quot;:&quot;NIKON D5000&quot;,&quot;caption&quot;:&quot;&quot;,&quot;created_timestamp&quot;:&quot;1470417438&quot;,&quot;copyright&quot;:&quot;&quot;,&quot;focal_length&quot;:&quot;38&quot;,&quot;iso&quot;:&quot;1000&quot;,&quot;shutter_speed&quot;:&quot;0.016666666666667&quot;,&quot;title&quot;:&quot;&quot;,&quot;orientation&quot;:&quot;1&quot;}\" data-image-title=\"2016_KTW_07\" data-image-description=\"\" data-image-caption=\"\" data-medium-file=\"https:\/\/www.schwarz-gold.de\/blog\/wp-content\/uploads\/2016\/08\/2016_KTW_07-300x199.jpg\" data-large-file=\"https:\/\/www.schwarz-gold.de\/blog\/wp-content\/uploads\/2016\/08\/2016_KTW_07-1024x680.jpg\" class=\"alignnone size-medium wp-image-1184\" src=\"http:\/\/schwarz-gold.de\/blog\/wp-content\/uploads\/2016\/08\/2016_KTW_07-300x199.jpg\" alt=\"2016_KTW_07\" width=\"300\" height=\"199\" srcset=\"https:\/\/www.schwarz-gold.de\/blog\/wp-content\/uploads\/2016\/08\/2016_KTW_07-300x199.jpg 300w, https:\/\/www.schwarz-gold.de\/blog\/wp-content\/uploads\/2016\/08\/2016_KTW_07-150x100.jpg 150w, https:\/\/www.schwarz-gold.de\/blog\/wp-content\/uploads\/2016\/08\/2016_KTW_07-768x510.jpg 768w, https:\/\/www.schwarz-gold.de\/blog\/wp-content\/uploads\/2016\/08\/2016_KTW_07-1024x680.jpg 1024w, https:\/\/www.schwarz-gold.de\/blog\/wp-content\/uploads\/2016\/08\/2016_KTW_07-705x468.jpg 705w, https:\/\/www.schwarz-gold.de\/blog\/wp-content\/uploads\/2016\/08\/2016_KTW_07-120x80.jpg 120w\" sizes=\"auto, (max-width: 300px) 100vw, 300px\" \/><img loading=\"lazy\" decoding=\"async\" data-attachment-id=\"1203\" data-permalink=\"https:\/\/www.schwarz-gold.de\/blog\/aschaffenburger-kinder-tanzen-kinder-ferienfreizeit-sommer-tanzwoche\/dsc_0085\/\" data-orig-file=\"https:\/\/www.schwarz-gold.de\/blog\/wp-content\/uploads\/2016\/08\/DSC_0085.jpg\" data-orig-size=\"4288,2848\" data-comments-opened=\"0\" data-image-meta=\"{&quot;aperture&quot;:&quot;6.3&quot;,&quot;credit&quot;:&quot;&quot;,&quot;camera&quot;:&quot;NIKON D5000&quot;,&quot;caption&quot;:&quot;&quot;,&quot;created_timestamp&quot;:&quot;1470420773&quot;,&quot;copyright&quot;:&quot;&quot;,&quot;focal_length&quot;:&quot;46&quot;,&quot;iso&quot;:&quot;1000&quot;,&quot;shutter_speed&quot;:&quot;0.016666666666667&quot;,&quot;title&quot;:&quot;&quot;,&quot;orientation&quot;:&quot;1&quot;}\" data-image-title=\"DSC_0085\" data-image-description=\"\" data-image-caption=\"\" data-medium-file=\"https:\/\/www.schwarz-gold.de\/blog\/wp-content\/uploads\/2016\/08\/DSC_0085-300x199.jpg\" data-large-file=\"https:\/\/www.schwarz-gold.de\/blog\/wp-content\/uploads\/2016\/08\/DSC_0085-1024x680.jpg\" class=\"alignnone size-medium wp-image-1203\" src=\"http:\/\/schwarz-gold.de\/blog\/wp-content\/uploads\/2016\/08\/DSC_0085-300x199.jpg\" alt=\"DSC_0085\" width=\"300\" height=\"199\" srcset=\"https:\/\/www.schwarz-gold.de\/blog\/wp-content\/uploads\/2016\/08\/DSC_0085-300x199.jpg 300w, https:\/\/www.schwarz-gold.de\/blog\/wp-content\/uploads\/2016\/08\/DSC_0085-150x100.jpg 150w, https:\/\/www.schwarz-gold.de\/blog\/wp-content\/uploads\/2016\/08\/DSC_0085-768x510.jpg 768w, https:\/\/www.schwarz-gold.de\/blog\/wp-content\/uploads\/2016\/08\/DSC_0085-1024x680.jpg 1024w, https:\/\/www.schwarz-gold.de\/blog\/wp-content\/uploads\/2016\/08\/DSC_0085-705x468.jpg 705w, https:\/\/www.schwarz-gold.de\/blog\/wp-content\/uploads\/2016\/08\/DSC_0085-120x80.jpg 120w\" sizes=\"auto, (max-width: 300px) 100vw, 300px\" \/><\/p>\n<p><span style=\"font-family: Arial,sans-serif;\"><span style=\"font-size: small;\">Nicht jeder f\u00e4hrt gleich zu Beginn der Ferien in den Urlaub oder kann \u00fcberhaupt in der Ferienzeit einen Urlaub buchen. Die Kinder wollen aber betreut und besch\u00e4ftigt sein. Mittlerweile Tradition ist es daher, eine spannende Woche in den R\u00e4umen des TSC Schwarz-Gold zu verbringen. Auch in diesem Jahr str\u00f6mten daher 54 Kinder und Jugendliche im Alter von 7 bis 14 Jahren in die Tanzworkshops der Sommer-Tanzwoche. T\u00e4glich von 09:00 bis 16:00 Uhr wurden dabei diverse Aktivit\u00e4ten rund um die nicht erst seit \u201eLet\u2019s Dance\u201c bekannten T\u00e4nze wie Hip Hop, Modern Dance, Contemporary, Breakdance usw. angeboten und reichlich besucht. Sich auch wie so manches Idol aus der Pop-Branche bewegen\u00a0 oder einfach zu der Lieblingsmusik durch Bewegung ausdr\u00fccken zu k\u00f6nnen, das motiviert jedes Jahr auch zur Teilnahme. \u00dcbrigens konnten zus\u00e4tzlich noch Modern Ballett, Zumba, Schwarzlicht, Jazz\u2013 und Line-Dance sowie Musical-Dance in den f\u00fcnf f\u00fcr alle Teilnehmer tollen Tagen ausgesucht und erlebt werden. <\/span><\/span><\/p>\n<p><span style=\"font-family: Arial,sans-serif;\"><span style=\"font-size: small;\">Die sehr erfahrenen Trainer des TSC k\u00fcmmerten sich dabei intensiv um die Kinder und Jugendlichen, so dass diese dann am 05.08. zum Ende der spannenden Woche den Eltern, Freunden und der Familie eine tolle Tanzshow bieten konnten. Der frenetische Applaus der Zuschauer zeigte, dass die Woche neben viel Spa\u00df auch t\u00e4nzerisches K\u00f6nnen hervorgeholt und gef\u00f6rdert hatte und war die Zugabe zum eigentlichen Gruppenerlebnis <\/span><\/span><span style=\"font-family: Arial,sans-serif;\"><span style=\"font-size: small;\"><i>Tanzen<\/i><\/span><\/span><span style=\"font-family: Arial,sans-serif;\"><span style=\"font-size: small;\"> und letztlich der Lohn der M\u00fche f\u00fcr alle Beteiligten. Der Dank des Vorstandes des TSC und aller Teilnehmer war daher Verena Kempf als unerm\u00fcdlicher Organisatorin und topp versierter und erfolgreicher Trainerin, wie auch allen anderen Trainern, demzufolge sicher.<\/span><\/span><\/p>\n<p><span style=\"font-family: Arial,sans-serif;\"><span style=\"font-size: small;\">Da die ganze Woche \u00fcber die Versorgung mit reichlichem Essen und Trinken sichergestellt war, wussten auch die Eltern ihre Kinder in dieser Aktivwoche gut untergebracht. <\/span><\/span><\/p>\n<p><span style=\"font-family: Arial,sans-serif;\"><span style=\"font-size: small;\">Tanzen f\u00f6rdert die Teamarbeit, Koordination, Konzentration und Kondition und das Selbstwertgef\u00fchl; und all das noch mit richtig viel guter Laune und Spa\u00df, was will man also mehr? Daher haben schon jetzt viele Kinder und Jugendliche nach der Sommertanzwoche 2017 gefragt, die Pl\u00e4tze sind limitiert und viele wollen auf jeden Fall wieder dabei sein!<\/span><\/span><\/p>\n<p><span style=\"font-family: Arial,sans-serif;\"><span style=\"font-size: small;\">Infos zu den sonstigen Veranstaltungen f\u00fcr Kinder und Jugendliche unter: Tanzsportclub Schwarz-Gold, Langestra\u00dfe 7, 63741 Aschaffenburg, Tel. 06021-27727 oder www.schwarz-gold.de<\/span><\/span><\/p>\n<p><img loading=\"lazy\" decoding=\"async\" data-attachment-id=\"1205\" data-permalink=\"https:\/\/www.schwarz-gold.de\/blog\/aschaffenburger-kinder-tanzen-kinder-ferienfreizeit-sommer-tanzwoche\/dsc_0093\/\" data-orig-file=\"https:\/\/www.schwarz-gold.de\/blog\/wp-content\/uploads\/2016\/08\/DSC_0093.jpg\" data-orig-size=\"4288,2848\" data-comments-opened=\"0\" data-image-meta=\"{&quot;aperture&quot;:&quot;6.3&quot;,&quot;credit&quot;:&quot;&quot;,&quot;camera&quot;:&quot;NIKON D5000&quot;,&quot;caption&quot;:&quot;&quot;,&quot;created_timestamp&quot;:&quot;1470420853&quot;,&quot;copyright&quot;:&quot;&quot;,&quot;focal_length&quot;:&quot;46&quot;,&quot;iso&quot;:&quot;1000&quot;,&quot;shutter_speed&quot;:&quot;0.0125&quot;,&quot;title&quot;:&quot;&quot;,&quot;orientation&quot;:&quot;1&quot;}\" data-image-title=\"DSC_0093\" data-image-description=\"\" data-image-caption=\"\" data-medium-file=\"https:\/\/www.schwarz-gold.de\/blog\/wp-content\/uploads\/2016\/08\/DSC_0093-300x199.jpg\" data-large-file=\"https:\/\/www.schwarz-gold.de\/blog\/wp-content\/uploads\/2016\/08\/DSC_0093-1024x680.jpg\" class=\"alignnone size-medium wp-image-1205\" src=\"http:\/\/schwarz-gold.de\/blog\/wp-content\/uploads\/2016\/08\/DSC_0093-300x199.jpg\" alt=\"DSC_0093\" width=\"300\" height=\"199\" srcset=\"https:\/\/www.schwarz-gold.de\/blog\/wp-content\/uploads\/2016\/08\/DSC_0093-300x199.jpg 300w, https:\/\/www.schwarz-gold.de\/blog\/wp-content\/uploads\/2016\/08\/DSC_0093-150x100.jpg 150w, https:\/\/www.schwarz-gold.de\/blog\/wp-content\/uploads\/2016\/08\/DSC_0093-768x510.jpg 768w, https:\/\/www.schwarz-gold.de\/blog\/wp-content\/uploads\/2016\/08\/DSC_0093-1024x680.jpg 1024w, https:\/\/www.schwarz-gold.de\/blog\/wp-content\/uploads\/2016\/08\/DSC_0093-705x468.jpg 705w, https:\/\/www.schwarz-gold.de\/blog\/wp-content\/uploads\/2016\/08\/DSC_0093-120x80.jpg 120w\" sizes=\"auto, (max-width: 300px) 100vw, 300px\" \/> <img loading=\"lazy\" decoding=\"async\" data-attachment-id=\"1204\" data-permalink=\"https:\/\/www.schwarz-gold.de\/blog\/aschaffenburger-kinder-tanzen-kinder-ferienfreizeit-sommer-tanzwoche\/dsc_0088\/\" data-orig-file=\"https:\/\/www.schwarz-gold.de\/blog\/wp-content\/uploads\/2016\/08\/DSC_0088.jpg\" data-orig-size=\"4288,2848\" data-comments-opened=\"0\" data-image-meta=\"{&quot;aperture&quot;:&quot;6.3&quot;,&quot;credit&quot;:&quot;&quot;,&quot;camera&quot;:&quot;NIKON D5000&quot;,&quot;caption&quot;:&quot;&quot;,&quot;created_timestamp&quot;:&quot;1470420800&quot;,&quot;copyright&quot;:&quot;&quot;,&quot;focal_length&quot;:&quot;70&quot;,&quot;iso&quot;:&quot;1000&quot;,&quot;shutter_speed&quot;:&quot;0.016666666666667&quot;,&quot;title&quot;:&quot;&quot;,&quot;orientation&quot;:&quot;1&quot;}\" data-image-title=\"DSC_0088\" data-image-description=\"\" data-image-caption=\"\" data-medium-file=\"https:\/\/www.schwarz-gold.de\/blog\/wp-content\/uploads\/2016\/08\/DSC_0088-300x199.jpg\" data-large-file=\"https:\/\/www.schwarz-gold.de\/blog\/wp-content\/uploads\/2016\/08\/DSC_0088-1024x680.jpg\" class=\"alignnone size-medium wp-image-1204\" src=\"http:\/\/schwarz-gold.de\/blog\/wp-content\/uploads\/2016\/08\/DSC_0088-300x199.jpg\" alt=\"DSC_0088\" width=\"300\" height=\"199\" srcset=\"https:\/\/www.schwarz-gold.de\/blog\/wp-content\/uploads\/2016\/08\/DSC_0088-300x199.jpg 300w, https:\/\/www.schwarz-gold.de\/blog\/wp-content\/uploads\/2016\/08\/DSC_0088-150x100.jpg 150w, https:\/\/www.schwarz-gold.de\/blog\/wp-content\/uploads\/2016\/08\/DSC_0088-768x510.jpg 768w, https:\/\/www.schwarz-gold.de\/blog\/wp-content\/uploads\/2016\/08\/DSC_0088-1024x680.jpg 1024w, https:\/\/www.schwarz-gold.de\/blog\/wp-content\/uploads\/2016\/08\/DSC_0088-705x468.jpg 705w, https:\/\/www.schwarz-gold.de\/blog\/wp-content\/uploads\/2016\/08\/DSC_0088-120x80.jpg 120w\" sizes=\"auto, (max-width: 300px) 100vw, 300px\" \/> <img loading=\"lazy\" decoding=\"async\" data-attachment-id=\"1203\" data-permalink=\"https:\/\/www.schwarz-gold.de\/blog\/aschaffenburger-kinder-tanzen-kinder-ferienfreizeit-sommer-tanzwoche\/dsc_0085\/\" data-orig-file=\"https:\/\/www.schwarz-gold.de\/blog\/wp-content\/uploads\/2016\/08\/DSC_0085.jpg\" data-orig-size=\"4288,2848\" data-comments-opened=\"0\" data-image-meta=\"{&quot;aperture&quot;:&quot;6.3&quot;,&quot;credit&quot;:&quot;&quot;,&quot;camera&quot;:&quot;NIKON D5000&quot;,&quot;caption&quot;:&quot;&quot;,&quot;created_timestamp&quot;:&quot;1470420773&quot;,&quot;copyright&quot;:&quot;&quot;,&quot;focal_length&quot;:&quot;46&quot;,&quot;iso&quot;:&quot;1000&quot;,&quot;shutter_speed&quot;:&quot;0.016666666666667&quot;,&quot;title&quot;:&quot;&quot;,&quot;orientation&quot;:&quot;1&quot;}\" data-image-title=\"DSC_0085\" data-image-description=\"\" data-image-caption=\"\" data-medium-file=\"https:\/\/www.schwarz-gold.de\/blog\/wp-content\/uploads\/2016\/08\/DSC_0085-300x199.jpg\" data-large-file=\"https:\/\/www.schwarz-gold.de\/blog\/wp-content\/uploads\/2016\/08\/DSC_0085-1024x680.jpg\" class=\"alignnone size-medium wp-image-1203\" src=\"http:\/\/schwarz-gold.de\/blog\/wp-content\/uploads\/2016\/08\/DSC_0085-300x199.jpg\" alt=\"DSC_0085\" width=\"300\" height=\"199\" srcset=\"https:\/\/www.schwarz-gold.de\/blog\/wp-content\/uploads\/2016\/08\/DSC_0085-300x199.jpg 300w, https:\/\/www.schwarz-gold.de\/blog\/wp-content\/uploads\/2016\/08\/DSC_0085-150x100.jpg 150w, https:\/\/www.schwarz-gold.de\/blog\/wp-content\/uploads\/2016\/08\/DSC_0085-768x510.jpg 768w, https:\/\/www.schwarz-gold.de\/blog\/wp-content\/uploads\/2016\/08\/DSC_0085-1024x680.jpg 1024w, https:\/\/www.schwarz-gold.de\/blog\/wp-content\/uploads\/2016\/08\/DSC_0085-705x468.jpg 705w, https:\/\/www.schwarz-gold.de\/blog\/wp-content\/uploads\/2016\/08\/DSC_0085-120x80.jpg 120w\" sizes=\"auto, (max-width: 300px) 100vw, 300px\" \/> <img loading=\"lazy\" decoding=\"async\" data-attachment-id=\"1202\" data-permalink=\"https:\/\/www.schwarz-gold.de\/blog\/aschaffenburger-kinder-tanzen-kinder-ferienfreizeit-sommer-tanzwoche\/dsc_0082\/\" data-orig-file=\"https:\/\/www.schwarz-gold.de\/blog\/wp-content\/uploads\/2016\/08\/DSC_0082.jpg\" data-orig-size=\"4288,2848\" data-comments-opened=\"0\" data-image-meta=\"{&quot;aperture&quot;:&quot;6.3&quot;,&quot;credit&quot;:&quot;&quot;,&quot;camera&quot;:&quot;NIKON D5000&quot;,&quot;caption&quot;:&quot;&quot;,&quot;created_timestamp&quot;:&quot;1470420745&quot;,&quot;copyright&quot;:&quot;&quot;,&quot;focal_length&quot;:&quot;42&quot;,&quot;iso&quot;:&quot;1000&quot;,&quot;shutter_speed&quot;:&quot;0.0125&quot;,&quot;title&quot;:&quot;&quot;,&quot;orientation&quot;:&quot;1&quot;}\" data-image-title=\"DSC_0082\" data-image-description=\"\" data-image-caption=\"\" data-medium-file=\"https:\/\/www.schwarz-gold.de\/blog\/wp-content\/uploads\/2016\/08\/DSC_0082-300x199.jpg\" data-large-file=\"https:\/\/www.schwarz-gold.de\/blog\/wp-content\/uploads\/2016\/08\/DSC_0082-1024x680.jpg\" class=\"alignnone size-medium wp-image-1202\" src=\"http:\/\/schwarz-gold.de\/blog\/wp-content\/uploads\/2016\/08\/DSC_0082-300x199.jpg\" alt=\"DSC_0082\" width=\"300\" height=\"199\" srcset=\"https:\/\/www.schwarz-gold.de\/blog\/wp-content\/uploads\/2016\/08\/DSC_0082-300x199.jpg 300w, https:\/\/www.schwarz-gold.de\/blog\/wp-content\/uploads\/2016\/08\/DSC_0082-150x100.jpg 150w, https:\/\/www.schwarz-gold.de\/blog\/wp-content\/uploads\/2016\/08\/DSC_0082-768x510.jpg 768w, https:\/\/www.schwarz-gold.de\/blog\/wp-content\/uploads\/2016\/08\/DSC_0082-1024x680.jpg 1024w, https:\/\/www.schwarz-gold.de\/blog\/wp-content\/uploads\/2016\/08\/DSC_0082-705x468.jpg 705w, https:\/\/www.schwarz-gold.de\/blog\/wp-content\/uploads\/2016\/08\/DSC_0082-120x80.jpg 120w\" sizes=\"auto, (max-width: 300px) 100vw, 300px\" \/> <img loading=\"lazy\" decoding=\"async\" data-attachment-id=\"1201\" data-permalink=\"https:\/\/www.schwarz-gold.de\/blog\/aschaffenburger-kinder-tanzen-kinder-ferienfreizeit-sommer-tanzwoche\/dsc_0079\/\" data-orig-file=\"https:\/\/www.schwarz-gold.de\/blog\/wp-content\/uploads\/2016\/08\/DSC_0079.jpg\" data-orig-size=\"4288,2848\" data-comments-opened=\"0\" data-image-meta=\"{&quot;aperture&quot;:&quot;6.3&quot;,&quot;credit&quot;:&quot;&quot;,&quot;camera&quot;:&quot;NIKON D5000&quot;,&quot;caption&quot;:&quot;&quot;,&quot;created_timestamp&quot;:&quot;1470420532&quot;,&quot;copyright&quot;:&quot;&quot;,&quot;focal_length&quot;:&quot;65&quot;,&quot;iso&quot;:&quot;1000&quot;,&quot;shutter_speed&quot;:&quot;0.016666666666667&quot;,&quot;title&quot;:&quot;&quot;,&quot;orientation&quot;:&quot;1&quot;}\" data-image-title=\"DSC_0079\" data-image-description=\"\" data-image-caption=\"\" data-medium-file=\"https:\/\/www.schwarz-gold.de\/blog\/wp-content\/uploads\/2016\/08\/DSC_0079-300x199.jpg\" data-large-file=\"https:\/\/www.schwarz-gold.de\/blog\/wp-content\/uploads\/2016\/08\/DSC_0079-1024x680.jpg\" class=\"alignnone size-medium wp-image-1201\" src=\"http:\/\/schwarz-gold.de\/blog\/wp-content\/uploads\/2016\/08\/DSC_0079-300x199.jpg\" alt=\"DSC_0079\" width=\"300\" height=\"199\" srcset=\"https:\/\/www.schwarz-gold.de\/blog\/wp-content\/uploads\/2016\/08\/DSC_0079-300x199.jpg 300w, https:\/\/www.schwarz-gold.de\/blog\/wp-content\/uploads\/2016\/08\/DSC_0079-150x100.jpg 150w, https:\/\/www.schwarz-gold.de\/blog\/wp-content\/uploads\/2016\/08\/DSC_0079-768x510.jpg 768w, https:\/\/www.schwarz-gold.de\/blog\/wp-content\/uploads\/2016\/08\/DSC_0079-1024x680.jpg 1024w, https:\/\/www.schwarz-gold.de\/blog\/wp-content\/uploads\/2016\/08\/DSC_0079-705x468.jpg 705w, https:\/\/www.schwarz-gold.de\/blog\/wp-content\/uploads\/2016\/08\/DSC_0079-120x80.jpg 120w\" sizes=\"auto, (max-width: 300px) 100vw, 300px\" \/> <img loading=\"lazy\" decoding=\"async\" data-attachment-id=\"1200\" data-permalink=\"https:\/\/www.schwarz-gold.de\/blog\/aschaffenburger-kinder-tanzen-kinder-ferienfreizeit-sommer-tanzwoche\/dsc_0065\/\" data-orig-file=\"https:\/\/www.schwarz-gold.de\/blog\/wp-content\/uploads\/2016\/08\/DSC_0065.jpg\" data-orig-size=\"4288,2848\" data-comments-opened=\"0\" data-image-meta=\"{&quot;aperture&quot;:&quot;6.3&quot;,&quot;credit&quot;:&quot;&quot;,&quot;camera&quot;:&quot;NIKON D5000&quot;,&quot;caption&quot;:&quot;&quot;,&quot;created_timestamp&quot;:&quot;1470420240&quot;,&quot;copyright&quot;:&quot;&quot;,&quot;focal_length&quot;:&quot;42&quot;,&quot;iso&quot;:&quot;1000&quot;,&quot;shutter_speed&quot;:&quot;0.016666666666667&quot;,&quot;title&quot;:&quot;&quot;,&quot;orientation&quot;:&quot;1&quot;}\" data-image-title=\"DSC_0065\" data-image-description=\"\" data-image-caption=\"\" data-medium-file=\"https:\/\/www.schwarz-gold.de\/blog\/wp-content\/uploads\/2016\/08\/DSC_0065-300x199.jpg\" data-large-file=\"https:\/\/www.schwarz-gold.de\/blog\/wp-content\/uploads\/2016\/08\/DSC_0065-1024x680.jpg\" class=\"alignnone size-medium wp-image-1200\" src=\"http:\/\/schwarz-gold.de\/blog\/wp-content\/uploads\/2016\/08\/DSC_0065-300x199.jpg\" alt=\"DSC_0065\" width=\"300\" height=\"199\" srcset=\"https:\/\/www.schwarz-gold.de\/blog\/wp-content\/uploads\/2016\/08\/DSC_0065-300x199.jpg 300w, https:\/\/www.schwarz-gold.de\/blog\/wp-content\/uploads\/2016\/08\/DSC_0065-150x100.jpg 150w, https:\/\/www.schwarz-gold.de\/blog\/wp-content\/uploads\/2016\/08\/DSC_0065-768x510.jpg 768w, https:\/\/www.schwarz-gold.de\/blog\/wp-content\/uploads\/2016\/08\/DSC_0065-1024x680.jpg 1024w, https:\/\/www.schwarz-gold.de\/blog\/wp-content\/uploads\/2016\/08\/DSC_0065-705x468.jpg 705w, https:\/\/www.schwarz-gold.de\/blog\/wp-content\/uploads\/2016\/08\/DSC_0065-120x80.jpg 120w\" sizes=\"auto, (max-width: 300px) 100vw, 300px\" \/> <img loading=\"lazy\" decoding=\"async\" data-attachment-id=\"1199\" data-permalink=\"https:\/\/www.schwarz-gold.de\/blog\/aschaffenburger-kinder-tanzen-kinder-ferienfreizeit-sommer-tanzwoche\/2016_ktw_69\/\" data-orig-file=\"https:\/\/www.schwarz-gold.de\/blog\/wp-content\/uploads\/2016\/08\/2016_KTW_69.jpg\" data-orig-size=\"4288,2848\" data-comments-opened=\"0\" data-image-meta=\"{&quot;aperture&quot;:&quot;6.3&quot;,&quot;credit&quot;:&quot;&quot;,&quot;camera&quot;:&quot;NIKON D5000&quot;,&quot;caption&quot;:&quot;&quot;,&quot;created_timestamp&quot;:&quot;1470420461&quot;,&quot;copyright&quot;:&quot;&quot;,&quot;focal_length&quot;:&quot;65&quot;,&quot;iso&quot;:&quot;1000&quot;,&quot;shutter_speed&quot;:&quot;0.016666666666667&quot;,&quot;title&quot;:&quot;&quot;,&quot;orientation&quot;:&quot;1&quot;}\" data-image-title=\"2016_KTW_69\" data-image-description=\"\" data-image-caption=\"\" data-medium-file=\"https:\/\/www.schwarz-gold.de\/blog\/wp-content\/uploads\/2016\/08\/2016_KTW_69-300x199.jpg\" data-large-file=\"https:\/\/www.schwarz-gold.de\/blog\/wp-content\/uploads\/2016\/08\/2016_KTW_69-1024x680.jpg\" class=\"alignnone size-medium wp-image-1199\" src=\"http:\/\/schwarz-gold.de\/blog\/wp-content\/uploads\/2016\/08\/2016_KTW_69-300x199.jpg\" alt=\"2016_KTW_69\" width=\"300\" height=\"199\" srcset=\"https:\/\/www.schwarz-gold.de\/blog\/wp-content\/uploads\/2016\/08\/2016_KTW_69-300x199.jpg 300w, https:\/\/www.schwarz-gold.de\/blog\/wp-content\/uploads\/2016\/08\/2016_KTW_69-150x100.jpg 150w, https:\/\/www.schwarz-gold.de\/blog\/wp-content\/uploads\/2016\/08\/2016_KTW_69-768x510.jpg 768w, https:\/\/www.schwarz-gold.de\/blog\/wp-content\/uploads\/2016\/08\/2016_KTW_69-1024x680.jpg 1024w, https:\/\/www.schwarz-gold.de\/blog\/wp-content\/uploads\/2016\/08\/2016_KTW_69-705x468.jpg 705w, https:\/\/www.schwarz-gold.de\/blog\/wp-content\/uploads\/2016\/08\/2016_KTW_69-120x80.jpg 120w\" sizes=\"auto, (max-width: 300px) 100vw, 300px\" \/> <img loading=\"lazy\" decoding=\"async\" data-attachment-id=\"1198\" data-permalink=\"https:\/\/www.schwarz-gold.de\/blog\/aschaffenburger-kinder-tanzen-kinder-ferienfreizeit-sommer-tanzwoche\/2016_ktw_59\/\" data-orig-file=\"https:\/\/www.schwarz-gold.de\/blog\/wp-content\/uploads\/2016\/08\/2016_KTW_59.jpg\" data-orig-size=\"4288,2848\" data-comments-opened=\"0\" data-image-meta=\"{&quot;aperture&quot;:&quot;6.3&quot;,&quot;credit&quot;:&quot;&quot;,&quot;camera&quot;:&quot;NIKON D5000&quot;,&quot;caption&quot;:&quot;&quot;,&quot;created_timestamp&quot;:&quot;1470419262&quot;,&quot;copyright&quot;:&quot;&quot;,&quot;focal_length&quot;:&quot;70&quot;,&quot;iso&quot;:&quot;1000&quot;,&quot;shutter_speed&quot;:&quot;0.016666666666667&quot;,&quot;title&quot;:&quot;&quot;,&quot;orientation&quot;:&quot;1&quot;}\" data-image-title=\"2016_KTW_59\" data-image-description=\"\" data-image-caption=\"\" data-medium-file=\"https:\/\/www.schwarz-gold.de\/blog\/wp-content\/uploads\/2016\/08\/2016_KTW_59-300x199.jpg\" data-large-file=\"https:\/\/www.schwarz-gold.de\/blog\/wp-content\/uploads\/2016\/08\/2016_KTW_59-1024x680.jpg\" class=\"alignnone size-medium wp-image-1198\" src=\"http:\/\/schwarz-gold.de\/blog\/wp-content\/uploads\/2016\/08\/2016_KTW_59-300x199.jpg\" alt=\"2016_KTW_59\" width=\"300\" height=\"199\" srcset=\"https:\/\/www.schwarz-gold.de\/blog\/wp-content\/uploads\/2016\/08\/2016_KTW_59-300x199.jpg 300w, https:\/\/www.schwarz-gold.de\/blog\/wp-content\/uploads\/2016\/08\/2016_KTW_59-150x100.jpg 150w, https:\/\/www.schwarz-gold.de\/blog\/wp-content\/uploads\/2016\/08\/2016_KTW_59-768x510.jpg 768w, https:\/\/www.schwarz-gold.de\/blog\/wp-content\/uploads\/2016\/08\/2016_KTW_59-1024x680.jpg 1024w, https:\/\/www.schwarz-gold.de\/blog\/wp-content\/uploads\/2016\/08\/2016_KTW_59-705x468.jpg 705w, https:\/\/www.schwarz-gold.de\/blog\/wp-content\/uploads\/2016\/08\/2016_KTW_59-120x80.jpg 120w\" sizes=\"auto, (max-width: 300px) 100vw, 300px\" \/> <img loading=\"lazy\" decoding=\"async\" data-attachment-id=\"1197\" data-permalink=\"https:\/\/www.schwarz-gold.de\/blog\/aschaffenburger-kinder-tanzen-kinder-ferienfreizeit-sommer-tanzwoche\/2016_ktw_53-2\/\" data-orig-file=\"https:\/\/www.schwarz-gold.de\/blog\/wp-content\/uploads\/2016\/08\/2016_KTW_53-1.jpg\" data-orig-size=\"4288,2848\" data-comments-opened=\"0\" data-image-meta=\"{&quot;aperture&quot;:&quot;6.3&quot;,&quot;credit&quot;:&quot;&quot;,&quot;camera&quot;:&quot;NIKON D5000&quot;,&quot;caption&quot;:&quot;&quot;,&quot;created_timestamp&quot;:&quot;1470419217&quot;,&quot;copyright&quot;:&quot;&quot;,&quot;focal_length&quot;:&quot;85&quot;,&quot;iso&quot;:&quot;1000&quot;,&quot;shutter_speed&quot;:&quot;0.016666666666667&quot;,&quot;title&quot;:&quot;&quot;,&quot;orientation&quot;:&quot;1&quot;}\" data-image-title=\"2016_KTW_53\" data-image-description=\"\" data-image-caption=\"\" data-medium-file=\"https:\/\/www.schwarz-gold.de\/blog\/wp-content\/uploads\/2016\/08\/2016_KTW_53-1-300x199.jpg\" data-large-file=\"https:\/\/www.schwarz-gold.de\/blog\/wp-content\/uploads\/2016\/08\/2016_KTW_53-1-1024x680.jpg\" class=\"alignnone size-medium wp-image-1197\" src=\"http:\/\/schwarz-gold.de\/blog\/wp-content\/uploads\/2016\/08\/2016_KTW_53-1-300x199.jpg\" alt=\"2016_KTW_53\" width=\"300\" height=\"199\" srcset=\"https:\/\/www.schwarz-gold.de\/blog\/wp-content\/uploads\/2016\/08\/2016_KTW_53-1-300x199.jpg 300w, https:\/\/www.schwarz-gold.de\/blog\/wp-content\/uploads\/2016\/08\/2016_KTW_53-1-150x100.jpg 150w, https:\/\/www.schwarz-gold.de\/blog\/wp-content\/uploads\/2016\/08\/2016_KTW_53-1-768x510.jpg 768w, https:\/\/www.schwarz-gold.de\/blog\/wp-content\/uploads\/2016\/08\/2016_KTW_53-1-1024x680.jpg 1024w, https:\/\/www.schwarz-gold.de\/blog\/wp-content\/uploads\/2016\/08\/2016_KTW_53-1-705x468.jpg 705w, https:\/\/www.schwarz-gold.de\/blog\/wp-content\/uploads\/2016\/08\/2016_KTW_53-1-120x80.jpg 120w\" sizes=\"auto, (max-width: 300px) 100vw, 300px\" \/> <img loading=\"lazy\" decoding=\"async\" data-attachment-id=\"1193\" data-permalink=\"https:\/\/www.schwarz-gold.de\/blog\/aschaffenburger-kinder-tanzen-kinder-ferienfreizeit-sommer-tanzwoche\/2016_ktw_51\/\" data-orig-file=\"https:\/\/www.schwarz-gold.de\/blog\/wp-content\/uploads\/2016\/08\/2016_KTW_51.jpg\" data-orig-size=\"4288,2848\" data-comments-opened=\"0\" data-image-meta=\"{&quot;aperture&quot;:&quot;6.3&quot;,&quot;credit&quot;:&quot;&quot;,&quot;camera&quot;:&quot;NIKON D5000&quot;,&quot;caption&quot;:&quot;&quot;,&quot;created_timestamp&quot;:&quot;1470419206&quot;,&quot;copyright&quot;:&quot;&quot;,&quot;focal_length&quot;:&quot;55&quot;,&quot;iso&quot;:&quot;1000&quot;,&quot;shutter_speed&quot;:&quot;0.00625&quot;,&quot;title&quot;:&quot;&quot;,&quot;orientation&quot;:&quot;1&quot;}\" data-image-title=\"2016_KTW_51\" data-image-description=\"\" data-image-caption=\"\" data-medium-file=\"https:\/\/www.schwarz-gold.de\/blog\/wp-content\/uploads\/2016\/08\/2016_KTW_51-300x199.jpg\" data-large-file=\"https:\/\/www.schwarz-gold.de\/blog\/wp-content\/uploads\/2016\/08\/2016_KTW_51-1024x680.jpg\" class=\"alignnone size-medium wp-image-1193\" src=\"http:\/\/schwarz-gold.de\/blog\/wp-content\/uploads\/2016\/08\/2016_KTW_51-300x199.jpg\" alt=\"2016_KTW_51\" width=\"300\" height=\"199\" srcset=\"https:\/\/www.schwarz-gold.de\/blog\/wp-content\/uploads\/2016\/08\/2016_KTW_51-300x199.jpg 300w, https:\/\/www.schwarz-gold.de\/blog\/wp-content\/uploads\/2016\/08\/2016_KTW_51-150x100.jpg 150w, https:\/\/www.schwarz-gold.de\/blog\/wp-content\/uploads\/2016\/08\/2016_KTW_51-768x510.jpg 768w, https:\/\/www.schwarz-gold.de\/blog\/wp-content\/uploads\/2016\/08\/2016_KTW_51-1024x680.jpg 1024w, https:\/\/www.schwarz-gold.de\/blog\/wp-content\/uploads\/2016\/08\/2016_KTW_51-705x468.jpg 705w, https:\/\/www.schwarz-gold.de\/blog\/wp-content\/uploads\/2016\/08\/2016_KTW_51-120x80.jpg 120w\" sizes=\"auto, (max-width: 300px) 100vw, 300px\" \/> <img loading=\"lazy\" decoding=\"async\" data-attachment-id=\"1192\" data-permalink=\"https:\/\/www.schwarz-gold.de\/blog\/aschaffenburger-kinder-tanzen-kinder-ferienfreizeit-sommer-tanzwoche\/2016_ktw_46\/\" data-orig-file=\"https:\/\/www.schwarz-gold.de\/blog\/wp-content\/uploads\/2016\/08\/2016_KTW_46.jpg\" data-orig-size=\"4288,2848\" data-comments-opened=\"0\" data-image-meta=\"{&quot;aperture&quot;:&quot;6.3&quot;,&quot;credit&quot;:&quot;&quot;,&quot;camera&quot;:&quot;NIKON D5000&quot;,&quot;caption&quot;:&quot;&quot;,&quot;created_timestamp&quot;:&quot;1470418936&quot;,&quot;copyright&quot;:&quot;&quot;,&quot;focal_length&quot;:&quot;55&quot;,&quot;iso&quot;:&quot;1000&quot;,&quot;shutter_speed&quot;:&quot;0.01&quot;,&quot;title&quot;:&quot;&quot;,&quot;orientation&quot;:&quot;1&quot;}\" data-image-title=\"2016_KTW_46\" data-image-description=\"\" data-image-caption=\"\" data-medium-file=\"https:\/\/www.schwarz-gold.de\/blog\/wp-content\/uploads\/2016\/08\/2016_KTW_46-300x199.jpg\" data-large-file=\"https:\/\/www.schwarz-gold.de\/blog\/wp-content\/uploads\/2016\/08\/2016_KTW_46-1024x680.jpg\" class=\"alignnone size-medium wp-image-1192\" src=\"http:\/\/schwarz-gold.de\/blog\/wp-content\/uploads\/2016\/08\/2016_KTW_46-300x199.jpg\" alt=\"2016_KTW_46\" width=\"300\" height=\"199\" srcset=\"https:\/\/www.schwarz-gold.de\/blog\/wp-content\/uploads\/2016\/08\/2016_KTW_46-300x199.jpg 300w, https:\/\/www.schwarz-gold.de\/blog\/wp-content\/uploads\/2016\/08\/2016_KTW_46-150x100.jpg 150w, https:\/\/www.schwarz-gold.de\/blog\/wp-content\/uploads\/2016\/08\/2016_KTW_46-768x510.jpg 768w, https:\/\/www.schwarz-gold.de\/blog\/wp-content\/uploads\/2016\/08\/2016_KTW_46-1024x680.jpg 1024w, https:\/\/www.schwarz-gold.de\/blog\/wp-content\/uploads\/2016\/08\/2016_KTW_46-705x468.jpg 705w, https:\/\/www.schwarz-gold.de\/blog\/wp-content\/uploads\/2016\/08\/2016_KTW_46-120x80.jpg 120w\" sizes=\"auto, (max-width: 300px) 100vw, 300px\" \/> <img loading=\"lazy\" decoding=\"async\" data-attachment-id=\"1191\" data-permalink=\"https:\/\/www.schwarz-gold.de\/blog\/aschaffenburger-kinder-tanzen-kinder-ferienfreizeit-sommer-tanzwoche\/2016_ktw_39\/\" data-orig-file=\"https:\/\/www.schwarz-gold.de\/blog\/wp-content\/uploads\/2016\/08\/2016_KTW_39.jpg\" data-orig-size=\"4288,2848\" data-comments-opened=\"0\" data-image-meta=\"{&quot;aperture&quot;:&quot;6.3&quot;,&quot;credit&quot;:&quot;&quot;,&quot;camera&quot;:&quot;NIKON D5000&quot;,&quot;caption&quot;:&quot;&quot;,&quot;created_timestamp&quot;:&quot;1470418562&quot;,&quot;copyright&quot;:&quot;&quot;,&quot;focal_length&quot;:&quot;65&quot;,&quot;iso&quot;:&quot;1000&quot;,&quot;shutter_speed&quot;:&quot;0.016666666666667&quot;,&quot;title&quot;:&quot;&quot;,&quot;orientation&quot;:&quot;1&quot;}\" data-image-title=\"2016_KTW_39\" data-image-description=\"\" data-image-caption=\"\" data-medium-file=\"https:\/\/www.schwarz-gold.de\/blog\/wp-content\/uploads\/2016\/08\/2016_KTW_39-300x199.jpg\" data-large-file=\"https:\/\/www.schwarz-gold.de\/blog\/wp-content\/uploads\/2016\/08\/2016_KTW_39-1024x680.jpg\" class=\"alignnone size-medium wp-image-1191\" src=\"http:\/\/schwarz-gold.de\/blog\/wp-content\/uploads\/2016\/08\/2016_KTW_39-300x199.jpg\" alt=\"2016_KTW_39\" width=\"300\" height=\"199\" srcset=\"https:\/\/www.schwarz-gold.de\/blog\/wp-content\/uploads\/2016\/08\/2016_KTW_39-300x199.jpg 300w, https:\/\/www.schwarz-gold.de\/blog\/wp-content\/uploads\/2016\/08\/2016_KTW_39-150x100.jpg 150w, https:\/\/www.schwarz-gold.de\/blog\/wp-content\/uploads\/2016\/08\/2016_KTW_39-768x510.jpg 768w, https:\/\/www.schwarz-gold.de\/blog\/wp-content\/uploads\/2016\/08\/2016_KTW_39-1024x680.jpg 1024w, https:\/\/www.schwarz-gold.de\/blog\/wp-content\/uploads\/2016\/08\/2016_KTW_39-705x468.jpg 705w, https:\/\/www.schwarz-gold.de\/blog\/wp-content\/uploads\/2016\/08\/2016_KTW_39-120x80.jpg 120w\" sizes=\"auto, (max-width: 300px) 100vw, 300px\" \/><\/p>\n<p>&nbsp;<\/p>\n<p>&nbsp;<\/p>\n","protected":false},"excerpt":{"rendered":"<p>Aschaffenburg \u2013 1. bis 5. August. Der TSC Schwarz-Gold Aschaffenburg war auch wieder in diesem Jahr der Anlaufpunkt f\u00fcr Kinder und Jugendliche, die gerne tanzen oder es einfach schon immer ausprobieren wollten. Nicht jeder f\u00e4hrt gleich zu Beginn der Ferien in den Urlaub oder kann \u00fcberhaupt in der Ferienzeit einen Urlaub buchen. Die Kinder wollen [&hellip;]<\/p>\n","protected":false},"author":4,"featured_media":1183,"comment_status":"closed","ping_status":"open","sticky":false,"template":"","format":"standard","meta":{"_jetpack_memberships_contains_paid_content":false,"footnotes":""},"categories":[63],"tags":[59,58,61],"class_list":["post-1181","post","type-post","status-publish","format-standard","has-post-thumbnail","hentry","category-kinder-ferienfreizeit","tag-ferienfreizeit","tag-kinder","tag-workshops"],"jetpack_featured_media_url":"https:\/\/www.schwarz-gold.de\/blog\/wp-content\/uploads\/2016\/08\/DSC_0133.jpg","jetpack_shortlink":"https:\/\/wp.me\/p8bS6P-j3","jetpack_sharing_enabled":true,"_links":{"self":[{"href":"https:\/\/www.schwarz-gold.de\/blog\/wp-json\/wp\/v2\/posts\/1181","targetHints":{"allow":["GET"]}}],"collection":[{"href":"https:\/\/www.schwarz-gold.de\/blog\/wp-json\/wp\/v2\/posts"}],"about":[{"href":"https:\/\/www.schwarz-gold.de\/blog\/wp-json\/wp\/v2\/types\/post"}],"author":[{"embeddable":true,"href":"https:\/\/www.schwarz-gold.de\/blog\/wp-json\/wp\/v2\/users\/4"}],"replies":[{"embeddable":true,"href":"https:\/\/www.schwarz-gold.de\/blog\/wp-json\/wp\/v2\/comments?post=1181"}],"version-history":[{"count":4,"href":"https:\/\/www.schwarz-gold.de\/blog\/wp-json\/wp\/v2\/posts\/1181\/revisions"}],"predecessor-version":[{"id":1214,"href":"https:\/\/www.schwarz-gold.de\/blog\/wp-json\/wp\/v2\/posts\/1181\/revisions\/1214"}],"wp:featuredmedia":[{"embeddable":true,"href":"https:\/\/www.schwarz-gold.de\/blog\/wp-json\/wp\/v2\/media\/1183"}],"wp:attachment":[{"href":"https:\/\/www.schwarz-gold.de\/blog\/wp-json\/wp\/v2\/media?parent=1181"}],"wp:term":[{"taxonomy":"category","embeddable":true,"href":"https:\/\/www.schwarz-gold.de\/blog\/wp-json\/wp\/v2\/categories?post=1181"},{"taxonomy":"post_tag","embeddable":true,"href":"https:\/\/www.schwarz-gold.de\/blog\/wp-json\/wp\/v2\/tags?post=1181"}],"curies":[{"name":"wp","href":"https:\/\/api.w.org\/{rel}","templated":true}]}}